{"id":134228,"date":"2024-04-10T11:55:23","date_gmt":"2024-04-10T14:55:23","guid":{"rendered":"https:\/\/vinasfm.com\/noticias\/?p=134228"},"modified":"2024-04-11T09:58:21","modified_gmt":"2024-04-11T12:58:21","slug":"federica-lincheta-es-la-nueva-embajadora-de-la-ganaderia-de-general-alvear","status":"publish","type":"post","link":"https:\/\/vinasfm.com\/noticias\/federica-lincheta-es-la-nueva-embajadora-de-la-ganaderia-de-general-alvear\/","title":{"rendered":"FEDERICA LINCHETA ES LA NUEVA EMBAJADORA DE LA GANADER\u00cdA DE GENERAL ALVEAR"},"content":{"rendered":"<p><span style=\"color: #000000;\"><strong>Fue presentada el pasado s\u00e1bado, durante el tradicional D\u00eda de Campo.<\/strong><\/span><\/p>\n<p><span style=\"color: #000000;\">General Alvear palpita una nueva edici\u00f3n de la Fiesta Nacional de la Ganader\u00eda de Zonas \u00c1ridas en donde, adem\u00e1s de impulsar a los productores ganaderos de la regi\u00f3n, la Embajadora Nacional de la Ganader\u00eda Daiana Suans le entregar\u00e1 la banda a su sucesora.\u00a0<\/span><\/p>\n<p><span style=\"color: #000000;\">Federica Lincheta tiene 22 a\u00f1os y representar\u00e1 al departamento mientras es evaluada en el examen que tiene \u00edtems como la danza, conocimientos de ganader\u00eda, cultura general, oratoria, entre otros aspectos. <strong><em>\u00abEstoy muy contenta y agradecida por esta posibilidad que me han brindado\u00bb<\/em><\/strong>, expres\u00f3 en conferencia de prensa la joven estudiante de abogac\u00eda y asegur\u00f3 estar <strong><em>\u00abmuy predispuesta para representar de la mejor manera y dejar la ganader\u00eda de General Alvear en lo m\u00e1s alto\u00bb.<\/em><\/strong><\/span><\/p>\n<p><a href=\"https:\/\/vinasfm.com\/noticias\/wp-content\/uploads\/2024\/04\/WhatsApp-Image-2024-04-10-at-11.25.16.jpeg\"><img loading=\"lazy\" decoding=\"async\" class=\"alignnone wp-image-134230\" src=\"https:\/\/vinasfm.com\/noticias\/wp-content\/uploads\/2024\/04\/WhatsApp-Image-2024-04-10-at-11.25.16-1024x577.jpeg\" alt=\"\" width=\"500\" height=\"282\" srcset=\"https:\/\/vinasfm.com\/noticias\/wp-content\/uploads\/2024\/04\/WhatsApp-Image-2024-04-10-at-11.25.16-1024x577.jpeg 1024w, https:\/\/vinasfm.com\/noticias\/wp-content\/uploads\/2024\/04\/WhatsApp-Image-2024-04-10-at-11.25.16-300x169.jpeg 300w, https:\/\/vinasfm.com\/noticias\/wp-content\/uploads\/2024\/04\/WhatsApp-Image-2024-04-10-at-11.25.16-768x432.jpeg 768w, https:\/\/vinasfm.com\/noticias\/wp-content\/uploads\/2024\/04\/WhatsApp-Image-2024-04-10-at-11.25.16-1536x865.jpeg 1536w, https:\/\/vinasfm.com\/noticias\/wp-content\/uploads\/2024\/04\/WhatsApp-Image-2024-04-10-at-11.25.16-1140x641.jpeg 1140w, https:\/\/vinasfm.com\/noticias\/wp-content\/uploads\/2024\/04\/WhatsApp-Image-2024-04-10-at-11.25.16.jpeg 1600w\" sizes=\"auto, (max-width: 500px) 100vw, 500px\" \/><\/a><\/p>\n<h6>Federica Lincheta, Embajadora Departamental de la Ganader\u00eda.<\/h6>\n<p><span style=\"color: #000000;\">Sus actividades oficiales iniciaron el pasado s\u00e1bado, cuando fue presentada oficialmente en el D\u00eda de Campo, y ahora contin\u00faa con distintas capacitaciones. <strong><em>\u00abSoy egresada de la Escuela de Agricultura que tiene una orientaci\u00f3n agropecuaria pero me contin\u00fao capacitando espec\u00edficamente en la ganader\u00eda y el turismo de nuestro departamento\u00bb,<\/em><\/strong> se\u00f1al\u00f3.\u00a0<\/span><\/p>\n<p><span style=\"color: #000000;\">Adem\u00e1s de ser evaluada por un jurado que le otorgar\u00e1 puntos en la evaluaci\u00f3n, Lincheta deber\u00e1 presentar un proyecto que, si bien podr\u00e1 llevar a cabo si es proclamada Embajadora Nacional; expres\u00f3 su deseo de poder realizarlo independientemente de los resultados.\u00a0<\/span><\/p>\n<p><span style=\"color: #000000;\"><strong><em>\u201cTambi\u00e9n me toca cumplir el rol de anfitriona, recibir a las dem\u00e1s Embajadoras y darles a conocer sobre nuestra cultura, ganader\u00eda y tradiciones\u201d<\/em><\/strong>, concluy\u00f3 Federica Lincheta.<\/span><\/p>\n","protected":false},"excerpt":{"rendered":"<p>Fue presentada el pasado s\u00e1bado, durante el tradicional D\u00eda de Campo. General Alvear palpita una nueva edici\u00f3n de la Fiesta Nacional &#8230;<\/p>\n","protected":false},"author":7,"featured_media":134229,"comment_status":"open","ping_status":"open","sticky":false,"template":"","format":"standard","meta":{"footnotes":""},"categories":[5,28],"tags":[],"class_list":["post-134228","post","type-post","status-publish","format-standard","has-post-thumbnail","hentry","category-actualidad","category-fiesta-nacional-de-la-ganaderia"],"_links":{"self":[{"href":"https:\/\/vinasfm.com\/noticias\/wp-json\/wp\/v2\/posts\/134228","targetHints":{"allow":["GET"]}}],"collection":[{"href":"https:\/\/vinasfm.com\/noticias\/wp-json\/wp\/v2\/posts"}],"about":[{"href":"https:\/\/vinasfm.com\/noticias\/wp-json\/wp\/v2\/types\/post"}],"author":[{"embeddable":true,"href":"https:\/\/vinasfm.com\/noticias\/wp-json\/wp\/v2\/users\/7"}],"replies":[{"embeddable":true,"href":"https:\/\/vinasfm.com\/noticias\/wp-json\/wp\/v2\/comments?post=134228"}],"version-history":[{"count":1,"href":"https:\/\/vinasfm.com\/noticias\/wp-json\/wp\/v2\/posts\/134228\/revisions"}],"predecessor-version":[{"id":134231,"href":"https:\/\/vinasfm.com\/noticias\/wp-json\/wp\/v2\/posts\/134228\/revisions\/134231"}],"wp:featuredmedia":[{"embeddable":true,"href":"https:\/\/vinasfm.com\/noticias\/wp-json\/wp\/v2\/media\/134229"}],"wp:attachment":[{"href":"https:\/\/vinasfm.com\/noticias\/wp-json\/wp\/v2\/media?parent=134228"}],"wp:term":[{"taxonomy":"category","embeddable":true,"href":"https:\/\/vinasfm.com\/noticias\/wp-json\/wp\/v2\/categories?post=134228"},{"taxonomy":"post_tag","embeddable":true,"href":"https:\/\/vinasfm.com\/noticias\/wp-json\/wp\/v2\/tags?post=134228"}],"curies":[{"name":"wp","href":"https:\/\/api.w.org\/{rel}","templated":true}]}}