{"id":134189,"date":"2024-04-09T19:25:51","date_gmt":"2024-04-09T22:25:51","guid":{"rendered":"https:\/\/vinasfm.com\/noticias\/?p=134189"},"modified":"2024-04-10T10:23:42","modified_gmt":"2024-04-10T13:23:42","slug":"desde-la-asesoria-de-la-mujer-brindaran-asistencia-a-mujeres-en-situacion-de-violencia","status":"publish","type":"post","link":"https:\/\/vinasfm.com\/noticias\/desde-la-asesoria-de-la-mujer-brindaran-asistencia-a-mujeres-en-situacion-de-violencia\/","title":{"rendered":"DESDE LA ASESOR\u00cdA DE LA MUJER BRINDAR\u00c1N ASISTENCIA A MUJERES EN SITUACI\u00d3N DE VIOLENCIA"},"content":{"rendered":"<p><strong>El pr\u00f3ximo lunes comenzar\u00e1 la asistencia legal y psicol\u00f3gica en el CIC de Bowen, de 8:30 a 11:30 horas con turno previo.<\/strong><\/p>\n<p>Gabriela Arzelan, de la Asesor\u00eda de la Mujer, se\u00f1al\u00f3 que<strong><em> \u00ablas profesionales que conforman el equipo brindar\u00e1n asistencia legal y sociol\u00f3gica a mujeres v\u00edctimas de violencia de g\u00e9nero\u00bb.<\/em><\/strong> Por tal motivo, comenzar\u00e1n el d\u00eda lunes de 8:30 a 11:30 horas brindar\u00e1n asistencia en el CIC de Bowen, ser\u00e1 necesario contar con turno previo.<\/p>\n<p>Adem\u00e1s se brindar\u00e1n talleres como el de Ley Micaela para empe\u00f1ados municipales. <strong><em>\u00abEstos talleres son espacios no solo de aprendizaje y de adquisici\u00f3n de un oficio, son espacios de contenci\u00f3n\u00bb<\/em><\/strong>, resaltaron desde la Asesor\u00eda.<\/p>\n<p>La abogada Julieta Aim\u00e9 se refiri\u00f3 a las consultas y se\u00f1al\u00f3 que<strong><em> \u00absiempre se asiste a mujeres v\u00edctimas de violencia de g\u00e9nero y normalmente las consultas son sobre derechos de familia, cuidado personal de los hijos y explicamos el proceso penal en estos casos\u00bb.<\/em><\/strong> Adem\u00e1s, sostuvo que <strong><em>\u00abdesde la Justicia se busca no revictimizar a las mujeres, por eso se intenta darla la mayor contenci\u00f3n y asesoramiento\u00bb.<\/em><\/strong><\/p>\n","protected":false},"excerpt":{"rendered":"<p>El pr\u00f3ximo lunes comenzar\u00e1 la asistencia legal y psicol\u00f3gica en el CIC de Bowen, de 8:30 a 11:30 horas con turno &#8230;<\/p>\n","protected":false},"author":7,"featured_media":134190,"comment_status":"open","ping_status":"open","sticky":false,"template":"","format":"standard","meta":{"footnotes":""},"categories":[5,11],"tags":[],"class_list":["post-134189","post","type-post","status-publish","format-standard","has-post-thumbnail","hentry","category-actualidad","category-sociales"],"_links":{"self":[{"href":"https:\/\/vinasfm.com\/noticias\/wp-json\/wp\/v2\/posts\/134189","targetHints":{"allow":["GET"]}}],"collection":[{"href":"https:\/\/vinasfm.com\/noticias\/wp-json\/wp\/v2\/posts"}],"about":[{"href":"https:\/\/vinasfm.com\/noticias\/wp-json\/wp\/v2\/types\/post"}],"author":[{"embeddable":true,"href":"https:\/\/vinasfm.com\/noticias\/wp-json\/wp\/v2\/users\/7"}],"replies":[{"embeddable":true,"href":"https:\/\/vinasfm.com\/noticias\/wp-json\/wp\/v2\/comments?post=134189"}],"version-history":[{"count":1,"href":"https:\/\/vinasfm.com\/noticias\/wp-json\/wp\/v2\/posts\/134189\/revisions"}],"predecessor-version":[{"id":134191,"href":"https:\/\/vinasfm.com\/noticias\/wp-json\/wp\/v2\/posts\/134189\/revisions\/134191"}],"wp:featuredmedia":[{"embeddable":true,"href":"https:\/\/vinasfm.com\/noticias\/wp-json\/wp\/v2\/media\/134190"}],"wp:attachment":[{"href":"https:\/\/vinasfm.com\/noticias\/wp-json\/wp\/v2\/media?parent=134189"}],"wp:term":[{"taxonomy":"category","embeddable":true,"href":"https:\/\/vinasfm.com\/noticias\/wp-json\/wp\/v2\/categories?post=134189"},{"taxonomy":"post_tag","embeddable":true,"href":"https:\/\/vinasfm.com\/noticias\/wp-json\/wp\/v2\/tags?post=134189"}],"curies":[{"name":"wp","href":"https:\/\/api.w.org\/{rel}","templated":true}]}}