{"id":134177,"date":"2024-04-09T10:11:39","date_gmt":"2024-04-09T13:11:39","guid":{"rendered":"https:\/\/vinasfm.com\/noticias\/?p=134177"},"modified":"2024-04-10T10:15:38","modified_gmt":"2024-04-10T13:15:38","slug":"cornejo-dio-el-ok-para-conformar-un-consejo-de-13-referentes-de-la-salud-que-asesoraran-al-ministro","status":"publish","type":"post","link":"https:\/\/vinasfm.com\/noticias\/cornejo-dio-el-ok-para-conformar-un-consejo-de-13-referentes-de-la-salud-que-asesoraran-al-ministro\/","title":{"rendered":"CORNEJO DIO EL OK PARA CONFORMAR UN CONSEJO DE 13 REFERENTES DE LA SALUD QUE ASESORAR\u00c1N AL MINISTRO"},"content":{"rendered":"<p><strong>El gobernador de Mendoza promulg\u00f3 la ley que crea el Consejo Provincial de Salud. Los elegidos trabajar\u00e1n ad honorem por dos a\u00f1os.<\/strong><\/p>\n<article class=\"article-body first\">\n<div class=\"article-content\">\n<div class=\"cuerpo\" data-twitter-link=\"\">\n<p>El gobernador de Mendoza,\u00a0<strong>Alfredo Cornejo, promulg\u00f3 la ley que cre\u00f3 el\u00a0Consejo Provincial de Salud<\/strong>, que viene a reemplazar el Consejo asesor permanente. Este nuevo cuerpo estar\u00e1 conformado por\u00a0<strong>13 referentes en la materia<\/strong>\u00a0y ser\u00e1 presidido por el ministro\u00a0<strong>Rodolfo Montero<\/strong>.<\/p>\n<\/div>\n<\/div>\n<\/article>\n<article class=\"article-body\">\n<div class=\"article-content\">\n<div class=\"cuerpo\" data-twitter-link=\"\">\n<p>La nueva norma prev\u00e9 que el\u00a0<strong>Consejo Provincial de Salud<\/strong>\u00a0tendr\u00e1 a su cargo el an\u00e1lisis permanente de los resultados sanitarios y, con ellos, buscar\u00e1 mejorar el sistema haciendo propuestas, buscando consensos y coordinando entre los diferentes actores de la salud p\u00fablica y privada.<\/p>\n<h2>C\u00f3mo funcionar\u00e1 el nuevo Consejo de Salud<\/h2>\n<p>Seg\u00fan la ley, el presidente del Consejo ser\u00e1 el ministro de Salud, en este caso, Rodolfo Montero. Pero adem\u00e1s estar\u00e1n\u00a0<strong>representados la OSEP, PAMI, el resto de las obras sociales y prepagas, la Asociaci\u00f3n de Cl\u00ednicas, los hospitales, las universidades, las municipalidades y los gremios<\/strong>.<\/p>\n<p>Puntualmente estar\u00e1 conformado por:<\/p>\n<p>a. Tres (3) representantes del<strong>\u00a0Ministerio de Salud y Deportes<\/strong>;<\/p>\n<p>b. Un (1) representante por el\u00a0<strong>Instituto Nacional de Servicios Sociales para Jubilados y Pensionados (PAMI)<\/strong>;<\/p>\n<p>c. Un (1) representante por la\u00a0<strong>Obra Social de Empleados P\u00fablicos (OSEP)<\/strong>;<\/p>\n<p>d. Un (1) representante por las\u00a0<strong>Obras Sociales y Prepagas que act\u00faen en la Provincia<\/strong>;<\/p>\n<p>e. Un (1) representante por la\u00a0<strong>Asociaci\u00f3n de Cl\u00ednicas y Sanatorios de Mendoza (ACLISA)<\/strong>;<\/p>\n<p>f. Un (1) representante por la\u00a0<strong>C\u00e1mara de Hospitales<\/strong>;<\/p>\n<p>g. Dos (2) representantes de las\u00a0<strong>universidades p\u00fablicas y privadas con asiento en la Provincia de Mendoza<\/strong>\u00a0que posean carreras relacionadas con las ciencias m\u00e9dicas.<\/p>\n<p>h. Dos (2) representantes por las\u00a0<strong>municipalidades pertenecientes a distintas fuerzas pol\u00edticas mayoritarias<\/strong>; y<\/p>\n<p>i. Un (1) representante por las\u00a0<strong>organizaciones sindicales<\/strong>\u00a0de trabajadores con representaci\u00f3n en el sector conforme al Decreto Provincial 955\/2004.<\/p>\n<p>Cada sector u organismo har\u00e1 sus postulaciones y ser\u00e1 el ministro de Salud el que tenga la \u00faltima palabra para su nombramiento.<\/p>\n<p>\u00abEn el caso de la representaci\u00f3n sindical, la designaci\u00f3n recaer\u00e1 sobre uno de todos los postulados y, en el caso de las universidades sobre dos de todos los postulados\u00bb, aclara la norma.<\/p>\n<p>Aunque no es requisito,\u00a0<strong>puede abrirse la convocatoria para participar del Consejo a miembros de sociedades cient\u00edficas y colegios profesionales de ciencias de la salud<\/strong>.<\/p>\n<p>Quienes sean designados ejercer\u00e1n el cargo por dos a\u00f1os y ad honorem.<\/p>\n<p><img loading=\"lazy\" decoding=\"async\" class=\"\" src=\"https:\/\/www.mendozapost.com\/files\/image\/535\/535399\/65760978cff55.jpg\" alt=\"Rodolfo Montero, biograf\u00eda e historia - Mendoza Post\" width=\"501\" height=\"303\" \/><\/p>\n<h6>Rodolfo Montero, Ministro de Salud y Deportes<\/h6>\n<h2>Para qu\u00e9 sirve el Consejo de Salud<\/h2>\n<p>El art\u00edculo 4\u00ba de la norma hace referencia a las funciones y funcionamiento del Consejo:<\/p>\n<p>a.\u00a0<strong>Funciones<\/strong>: es funci\u00f3n del Consejo, sin perjuicio de otras que establezca la Autoridad de Aplicaci\u00f3n:<\/p>\n<p>1) Ser el\u00a0<strong>\u00f3rgano consultivo permanente de car\u00e1cter no vinculante<\/strong>\u00a0del Ministerio de Salud y Deportes en cuanto asunto lo requiera,<\/p>\n<p>2) Brindar apoyo para la\u00a0<strong>articulaci\u00f3n del Ministerio con el sector privado y con los financiadores de la salud<\/strong>,<\/p>\n<p>3) Desarrollar procesos concretos de\u00a0<strong>integraci\u00f3n en sistemas de informaci\u00f3n, servicios, recursos humanos, tecnolog\u00eda, modelos de atenci\u00f3n y financiamiento<\/strong>\u00a0y,<\/p>\n<p>4) Promover la\u00a0<strong>transparencia\u00a0<\/strong>en las decisiones de pol\u00edtica sanitaria.<\/p>\n<p>b.\u00a0<strong>Reuniones Ordinarias<\/strong>: el Consejo Provincial de Salud se reunir\u00e1 ordinariamente cada 30 d\u00edas. La convocatoria corresponder\u00e1 en todos los casos al Presidente, con indicaci\u00f3n de temario a tratar, el que ser\u00e1 establecido a propuesta de la autoridad sanitaria y mediante consulta a los integrantes del Consejo.<\/p>\n<p>c.\u00a0<strong>Reuniones extraordinarias<\/strong>: podr\u00e1n celebrarse a iniciativa del Presidente o cuando lo soliciten no menos de cuatro (4) miembros, por temas de especial trascendencia que no puedan postergarse hasta la pr\u00f3xima reuni\u00f3n ordinaria. La misma debe contar con la no objeci\u00f3n del Ministro de Salud y Deportes.<\/p>\n<p>d.\u00a0<strong>Invitaciones<\/strong>: el Presidente podr\u00e1 solicitar la concurrencia a las reuniones del Consejo Provincial de Salud con car\u00e1cter de invitados especiales, a representantes de organismos oficiales, de entidades privadas y a personalidades de significativa representatividad en actividades vinculadas con el campo de la Salud o afines con motivo de facilitar la manifestaci\u00f3n de opiniones intersectoriales.<\/p>\n<\/div>\n<\/div>\n<\/article>\n","protected":false},"excerpt":{"rendered":"<p>El gobernador de Mendoza promulg\u00f3 la ley que crea el Consejo Provincial de Salud. Los elegidos trabajar\u00e1n ad honorem por dos &#8230;<\/p>\n","protected":false},"author":7,"featured_media":134179,"comment_status":"open","ping_status":"open","sticky":false,"template":"","format":"standard","meta":{"footnotes":""},"categories":[5,15],"tags":[],"class_list":["post-134177","post","type-post","status-publish","format-standard","has-post-thumbnail","hentry","category-actualidad","category-salud"],"_links":{"self":[{"href":"https:\/\/vinasfm.com\/noticias\/wp-json\/wp\/v2\/posts\/134177","targetHints":{"allow":["GET"]}}],"collection":[{"href":"https:\/\/vinasfm.com\/noticias\/wp-json\/wp\/v2\/posts"}],"about":[{"href":"https:\/\/vinasfm.com\/noticias\/wp-json\/wp\/v2\/types\/post"}],"author":[{"embeddable":true,"href":"https:\/\/vinasfm.com\/noticias\/wp-json\/wp\/v2\/users\/7"}],"replies":[{"embeddable":true,"href":"https:\/\/vinasfm.com\/noticias\/wp-json\/wp\/v2\/comments?post=134177"}],"version-history":[{"count":3,"href":"https:\/\/vinasfm.com\/noticias\/wp-json\/wp\/v2\/posts\/134177\/revisions"}],"predecessor-version":[{"id":134215,"href":"https:\/\/vinasfm.com\/noticias\/wp-json\/wp\/v2\/posts\/134177\/revisions\/134215"}],"wp:featuredmedia":[{"embeddable":true,"href":"https:\/\/vinasfm.com\/noticias\/wp-json\/wp\/v2\/media\/134179"}],"wp:attachment":[{"href":"https:\/\/vinasfm.com\/noticias\/wp-json\/wp\/v2\/media?parent=134177"}],"wp:term":[{"taxonomy":"category","embeddable":true,"href":"https:\/\/vinasfm.com\/noticias\/wp-json\/wp\/v2\/categories?post=134177"},{"taxonomy":"post_tag","embeddable":true,"href":"https:\/\/vinasfm.com\/noticias\/wp-json\/wp\/v2\/tags?post=134177"}],"curies":[{"name":"wp","href":"https:\/\/api.w.org\/{rel}","templated":true}]}}