{"id":134173,"date":"2024-04-09T09:57:13","date_gmt":"2024-04-09T12:57:13","guid":{"rendered":"https:\/\/vinasfm.com\/noticias\/?p=134173"},"modified":"2024-04-10T10:16:02","modified_gmt":"2024-04-10T13:16:02","slug":"dengue-en-mendoza-la-situacion-de-ninos-y-embarazadas-y-que-sintomas-tener-en-cuenta","status":"publish","type":"post","link":"https:\/\/vinasfm.com\/noticias\/dengue-en-mendoza-la-situacion-de-ninos-y-embarazadas-y-que-sintomas-tener-en-cuenta\/","title":{"rendered":"DENGUE EN MENDOZA: LA SITUACI\u00d3N DE NI\u00d1OS Y EMBARAZADAS Y QU\u00c9 S\u00cdNTOMAS TENER EN CUENTA"},"content":{"rendered":"<p><span style=\"color: #000000;\"><strong>De acuerdo con el \u00faltimo reporte del Ministerio de la Naci\u00f3n, en la \u00faltima semana se registr\u00f3 un 25% m\u00e1s de contagios. En la provincia el 90% de los casos son aut\u00f3ctonos.<\/strong><\/span><\/p>\n<p><span style=\"color: #000000;\">Argentina est\u00e1 atravesando un brote hist\u00f3rico de dengue que, con el correr de los d\u00edas, se ha ido agravando m\u00e1s por la cantidad de contagios. Seg\u00fan el \u00faltimo reporte del Ministerio de Salud de la Naci\u00f3n, durante la \u00faltima semana se registraron 52.466 casos y 151 fallecidos.<\/span><\/p>\n<p><span style=\"color: #000000;\">Hasta el momento, y a la espera de un nuevo parte epidemiol\u00f3gico, Mendoza ha registrado m\u00e1s de 1.300 casos, el 90% de ellos son aut\u00f3ctonos. Seg\u00fan cifras oficiales, en el \u00faltimo tiempo crecieron los casos de ni\u00f1os infectados, sin embargo, a diferencia del resto del pa\u00eds, hay pocos contagios en embarazadas.<\/span><\/p>\n<p><span style=\"color: #000000;\">Autoridades nacionales sostienen que el pico de contagios ha llegado a su fin. Se estima que entre abril y mayo, la propagaci\u00f3n del virus podr\u00eda comenzar a disminuir porque es la \u00e9poca en la que comienza el fr\u00edo, enemigo directo del mosquito.<\/span><\/p>\n<h2 id=\"h-crecieron-las-consultas-en-el-notti\" class=\"wp-block-heading\"><span style=\"color: #000000;\">Crecieron las consultas en el Notti<\/span><\/h2>\n<p><span style=\"color: #000000;\">Hasta el momento,\u00a0<strong>el hospital pedi\u00e1trico Humberto Notti ha registrado cerca de 150 casos de ni\u00f1os con dengue<\/strong>, el mayor pico se gener\u00f3 durante el fin de semana extralargo que, seg\u00fan informaron las autoridades, unos 83 ni\u00f1os dieron positivo, de ese total, 39 quedaron internados y 2 pasaron a cuidados intensivos.<\/span><\/p>\n<p><span style=\"color: #000000;\"><strong><em>\u201cLas consultas por dengue no han mermado, al contrario, desde hace semanas viene creciendo el n\u00famero, no as\u00ed las internaciones. Actualmente, la mayor cantidad de casos detectados han sido ambulatorios\u201d<\/em><\/strong>, refirieron desde el nosocomio.<\/span><\/p>\n<h2 id=\"h-embarazadas-controladas\" class=\"wp-block-heading\"><span style=\"color: #000000;\">Embarazadas, controladas<\/span><\/h2>\n<p><span style=\"color: #000000;\">En lo que va del a\u00f1o, en el pa\u00eds se han detectado 215.885 casos y 151 fallecidos. Seg\u00fan el informe epidemiol\u00f3gico nacional, la mayor tasa de mortalidad se observ\u00f3 en los mayores de 80 a\u00f1os.\u00a0Por el otro,\u00a0el mayor n\u00famero de contagios se present\u00f3 en personas de entre 30 y 39 a\u00f1os.<\/span><\/p>\n<p><span style=\"color: #000000;\">Otro dato a tener en cuenta es que hasta el momento\u00a0se han registrado\u00a01.056 contagios en personas gestantes, con promedio de edad de 28 a\u00f1os. En ese sentido, el relevamiento detall\u00f3 que 10 casos se notificaron como dengue grave y 3 fallecieron.<\/span><\/p>\n<p><span style=\"color: #000000;\">Pese a ese contexto,\u00a0en Mendoza las autoridades sanitarias refirieron que hubo casos, pero pocos y han evolucionado favorablemente.\u00a0Una de ellas se registr\u00f3 hace un mes en el hospital Lagomaggiore y se trat\u00f3 de una pu\u00e9rpera.<\/span><\/p>\n<p><span style=\"color: #000000;\"><em><strong>\u201cTal como ocurri\u00f3 con la pandemia de coronavirus, con el dengue las embarazadas entran dentro del grupo de las personas de riesgo, ya que pueden sufrir complicaciones como hemorragias severas, preeclampsia, disminuci\u00f3n de las plaquetas, a veces alteraci\u00f3n de las enzimas hep\u00e1ticas que se confunden con otros s\u00edntomas (sobre todo, en estado avanzado)\u201d<\/strong><\/em>, expres\u00f3 el ginec\u00f3logo\u00a0<strong>Adri\u00e1n Romera<\/strong>\u00a0(Mat 7297).<\/span><\/p>\n<p><span style=\"color: #000000;\">Respecto al \u00edndice de mortalidad en embarazadas con dengue, el profesional asegur\u00f3 que ronda el 16%. En cuanto a malformaciones que pueden generarle al beb\u00e9, el profesional cont\u00f3 que \u201cno hay registros ni existen este tipo de complicaciones\u201d.<\/span><\/p>\n<p><span style=\"color: #000000;\">En cuanto a la transmisi\u00f3n materno-fetal puede darse si el dengue se contrae hasta 15 d\u00edas antes del parto; pero tambi\u00e9n hay una transmisi\u00f3n vertical luego de 15 d\u00edas de haber nacido la criatura.<\/span><\/p>\n<h2 id=\"h-que-sintomas-hay-que-tener-en-cuenta\" class=\"wp-block-heading\"><span style=\"color: #000000;\">Qu\u00e9 s\u00edntomas hay que tener en cuenta<\/span><\/h2>\n<p><span style=\"color: #000000;\">El dengue afecta tanto a ni\u00f1os como adultos. Seg\u00fan los profesionales, son varios los s\u00edntomas que hay que tener en cuenta, pero lo fundamental es saber que\u00a0muchas veces el dengue se confunde con gripe.<\/span><\/p>\n<ul>\n<li><span style=\"color: #000000;\">Si hay mocos No es dengue.<\/span><\/li>\n<li><span style=\"color: #000000;\">Fiebre persistente.<\/span><\/li>\n<li><span style=\"color: #000000;\">Dolor de cabeza.<\/span><\/li>\n<li><span style=\"color: #000000;\">Dolor de cuerpo.<\/span><\/li>\n<li><span style=\"color: #000000;\">Dolor de ojos.<\/span><\/li>\n<li><span style=\"color: #000000;\">Decaimiento<\/span><\/li>\n<\/ul>\n<p><span style=\"color: #000000;\">Se estima que\u00a0los s\u00edntomas en los ni\u00f1os duran entre dos y siete d\u00edas,\u00a0con un periodo de incubaci\u00f3n desde cuatro d\u00edas hasta dos semanas, despu\u00e9s de la picadura del mosquito.<\/span><\/p>\n<aside class=\"scaip scaip-3 \"><\/aside>\n<p><span style=\"color: #000000;\">Ante la presencia de estos s\u00edntomas hay que concurrir al m\u00e9dico, hidratarse y tomar solamente paracetamol.<\/span><\/p>\n<h6>ElSol<\/h6>\n","protected":false},"excerpt":{"rendered":"<p>De acuerdo con el \u00faltimo reporte del Ministerio de la Naci\u00f3n, en la \u00faltima semana se registr\u00f3 un 25% m\u00e1s de &#8230;<\/p>\n","protected":false},"author":7,"featured_media":134175,"comment_status":"open","ping_status":"open","sticky":false,"template":"","format":"standard","meta":{"footnotes":""},"categories":[5,15],"tags":[],"class_list":["post-134173","post","type-post","status-publish","format-standard","has-post-thumbnail","hentry","category-actualidad","category-salud"],"_links":{"self":[{"href":"https:\/\/vinasfm.com\/noticias\/wp-json\/wp\/v2\/posts\/134173","targetHints":{"allow":["GET"]}}],"collection":[{"href":"https:\/\/vinasfm.com\/noticias\/wp-json\/wp\/v2\/posts"}],"about":[{"href":"https:\/\/vinasfm.com\/noticias\/wp-json\/wp\/v2\/types\/post"}],"author":[{"embeddable":true,"href":"https:\/\/vinasfm.com\/noticias\/wp-json\/wp\/v2\/users\/7"}],"replies":[{"embeddable":true,"href":"https:\/\/vinasfm.com\/noticias\/wp-json\/wp\/v2\/comments?post=134173"}],"version-history":[{"count":1,"href":"https:\/\/vinasfm.com\/noticias\/wp-json\/wp\/v2\/posts\/134173\/revisions"}],"predecessor-version":[{"id":134176,"href":"https:\/\/vinasfm.com\/noticias\/wp-json\/wp\/v2\/posts\/134173\/revisions\/134176"}],"wp:featuredmedia":[{"embeddable":true,"href":"https:\/\/vinasfm.com\/noticias\/wp-json\/wp\/v2\/media\/134175"}],"wp:attachment":[{"href":"https:\/\/vinasfm.com\/noticias\/wp-json\/wp\/v2\/media?parent=134173"}],"wp:term":[{"taxonomy":"category","embeddable":true,"href":"https:\/\/vinasfm.com\/noticias\/wp-json\/wp\/v2\/categories?post=134173"},{"taxonomy":"post_tag","embeddable":true,"href":"https:\/\/vinasfm.com\/noticias\/wp-json\/wp\/v2\/tags?post=134173"}],"curies":[{"name":"wp","href":"https:\/\/api.w.org\/{rel}","templated":true}]}}