{"id":134161,"date":"2024-04-09T08:46:32","date_gmt":"2024-04-09T11:46:32","guid":{"rendered":"https:\/\/vinasfm.com\/noticias\/?p=134161"},"modified":"2024-04-10T10:16:39","modified_gmt":"2024-04-10T13:16:39","slug":"petri-paso-por-general-alvear-y-reinvidico-a-las-fuerzas-armadas","status":"publish","type":"post","link":"https:\/\/vinasfm.com\/noticias\/petri-paso-por-general-alvear-y-reinvidico-a-las-fuerzas-armadas\/","title":{"rendered":"PETRI PAS\u00d3 POR GENERAL ALVEAR Y REINVIDIC\u00d3 A LAS FUERZAS ARMADAS"},"content":{"rendered":"<p><span style=\"color: #000000;\"><strong>En el marco del D\u00eda de Campo, el Ministro de Defensa lleg\u00f3 al departamento y asegur\u00f3 que \u00abnuestro gobierno quiere que Defensa se involucre en los problemas reales de los argentinos\u00bb<\/strong><\/span><\/p>\n<p><span style=\"color: #000000;\">Tras conformar la formula gubernamental con la ahora Ministra de Seguridad y Justicia, Patricia Bulrrich, el mendocino pas\u00f3 a dirigir el Ministerio de Defensa dentro del gobierno de Javier Milei. Presente en la antesala de la 43\u00b0 Fiesta Nacional de la Ganader\u00eda, Luis Petri se\u00f1al\u00f3 que <strong><em>\u00abes un honor y orgullo haber sido elegido por el presidente para dirigir esta cartera y llevar adelante la tarea de reivindicar las Fuerzas Armadas, tras tantos a\u00f1os de flagelo que sufrieron. Hoy queremos ponerlas al servicio de la Patria\u00bb.<\/em><\/strong><\/span><\/p>\n<p><span style=\"color: #000000;\"><strong><em>\u00abEl gobierno de Milei quiere que el Ministerio de Defensa se involucre en los problemas reales de los argentinos, en la lucha contra el terrorismo, en la custodia de la Soberan\u00eda y que est\u00e9n capacitadas para enfrentar los nuevos desaf\u00edos\u00bb<\/em><\/strong>, sostuvo el Ministro.\u00a0<\/span><\/p>\n<p><img decoding=\"async\" src=\"https:\/\/www.lanacion.com.ar\/resizer\/v2\/javier-milei-junto-a-laura-richardson-en-P4N6HJEDAZH43IKCUHKRBTUUTI.jpeg?auth=39f4ad3736e7afb8f4c7bbec30014bd0adfa9f7b2693ae521af4e47ab252858b&amp;width=420&amp;height=280&amp;quality=70&amp;smart=true\" alt=\"Javier Milei junto a Laura Richardson, en Ushuaia\" \/><\/p>\n<h6>Milei junto a Richardson y Petri, en Ushuaia<\/h6>\n<p>&nbsp;<\/p>\n<p><span style=\"color: #000000;\">Adem\u00e1s, se refiri\u00f3 a la visita de la jefa del Comando Sur de Estados Unidos, la general Laura Richardson, y el anuncio de una base naval conjunta en la Patagonia.<strong><em> \u00abNuestro presidente siempre ha sido claro, estamos alineados con E.E.U.U y las democracias occidentales a diferencia del gobierno anterior. Hubo un encuentro entre Milei y Richardson, en donde tambi\u00e9n tuvo lugar la donaci\u00f3n de 34 millones de d\u00f3lares y un avi\u00f3n H\u00e9rcules que servir\u00e1n para equipar nuestras Fuerzas Armadas\u00bb.<\/em><\/strong><\/span><\/p>\n<p><span style=\"color: #000000;\">Por \u00faltimo, Luis Petri volvi\u00f3 a defender las decisiones pol\u00edticas tanto del gobierno provincial como del nacional.<em><strong> \u201cEs momento de gobernar y resolver el desquicio que nos dej\u00f3 el kirchnerismo. Hoy estamos ordenando nuestro pa\u00eds resolviendo los principales problemas que tiene la Argentina como la inflaci\u00f3n y las desequilibradas cuentas p\u00fablicas. Las pol\u00edticas econ\u00f3micas que se han aplicado han dado muy buenos resultados en corto plazo y, aunque debemos seguir trabajando cada vez m\u00e1s, estamos seguros de que vamos a construir una Argentina mucho mejor\u201d<\/strong><\/em>, cerr\u00f3 el Ministro de Defensa.<\/span><\/p>\n<h6>G. Vallejos<\/h6>\n","protected":false},"excerpt":{"rendered":"<p>En el marco del D\u00eda de Campo, el Ministro de Defensa lleg\u00f3 al departamento y asegur\u00f3 que \u00abnuestro gobierno quiere que &#8230;<\/p>\n","protected":false},"author":7,"featured_media":134162,"comment_status":"open","ping_status":"open","sticky":false,"template":"","format":"standard","meta":{"footnotes":""},"categories":[5,77],"tags":[],"class_list":["post-134161","post","type-post","status-publish","format-standard","has-post-thumbnail","hentry","category-actualidad","category-gobierno"],"_links":{"self":[{"href":"https:\/\/vinasfm.com\/noticias\/wp-json\/wp\/v2\/posts\/134161","targetHints":{"allow":["GET"]}}],"collection":[{"href":"https:\/\/vinasfm.com\/noticias\/wp-json\/wp\/v2\/posts"}],"about":[{"href":"https:\/\/vinasfm.com\/noticias\/wp-json\/wp\/v2\/types\/post"}],"author":[{"embeddable":true,"href":"https:\/\/vinasfm.com\/noticias\/wp-json\/wp\/v2\/users\/7"}],"replies":[{"embeddable":true,"href":"https:\/\/vinasfm.com\/noticias\/wp-json\/wp\/v2\/comments?post=134161"}],"version-history":[{"count":5,"href":"https:\/\/vinasfm.com\/noticias\/wp-json\/wp\/v2\/posts\/134161\/revisions"}],"predecessor-version":[{"id":134167,"href":"https:\/\/vinasfm.com\/noticias\/wp-json\/wp\/v2\/posts\/134161\/revisions\/134167"}],"wp:featuredmedia":[{"embeddable":true,"href":"https:\/\/vinasfm.com\/noticias\/wp-json\/wp\/v2\/media\/134162"}],"wp:attachment":[{"href":"https:\/\/vinasfm.com\/noticias\/wp-json\/wp\/v2\/media?parent=134161"}],"wp:term":[{"taxonomy":"category","embeddable":true,"href":"https:\/\/vinasfm.com\/noticias\/wp-json\/wp\/v2\/categories?post=134161"},{"taxonomy":"post_tag","embeddable":true,"href":"https:\/\/vinasfm.com\/noticias\/wp-json\/wp\/v2\/tags?post=134161"}],"curies":[{"name":"wp","href":"https:\/\/api.w.org\/{rel}","templated":true}]}}