{"id":134129,"date":"2024-04-08T09:59:02","date_gmt":"2024-04-08T12:59:02","guid":{"rendered":"https:\/\/vinasfm.com\/noticias\/?p=134129"},"modified":"2024-04-09T09:42:03","modified_gmt":"2024-04-09T12:42:03","slug":"la-argentina-es-el-pais-con-mas-feriados-y-el-segundo-con-menos-horas-de-trabajo-semanales-de-america-latina","status":"publish","type":"post","link":"https:\/\/vinasfm.com\/noticias\/la-argentina-es-el-pais-con-mas-feriados-y-el-segundo-con-menos-horas-de-trabajo-semanales-de-america-latina\/","title":{"rendered":"LA ARGENTINA ES EL PA\u00cdS CON M\u00c1S FERIADOS Y EL SEGUNDO CON MENOS HORAS DE TRABAJO SEMANALES DE AM\u00c9RICA LATINA"},"content":{"rendered":"<p><span style=\"color: #000000;\"><strong>La reducci\u00f3n de la jornada laboral es un tema instalado en el debate popular y en la agenda parlamentaria, pero lo cierto es que el promedio de los trabajadores de Argentina est\u00e1 lejos de acercarse a las 48 horas semanales m\u00e1ximas que dicta la Ley 11.544.<\/strong><\/span><\/p>\n<p><span style=\"color: #000000;\">Seg\u00fan un informe de Statista, un portal alem\u00e1n de estad\u00edsticas y an\u00e1lisis de datos, <strong>en nuestro pa\u00eds la media de horas trabajadas por semana es de 37, cifra que pone a la\u00a0Argentina\u00a0en el pen\u00faltimo puesto del ranking de la regi\u00f3n.<\/strong> \u00danicamente\u00a0<strong>Panam\u00e1<\/strong>, con un promedio de 36,2 horas semanales trabajadas, se encuentra por debajo.<\/span><\/p>\n<p><span style=\"color: #000000;\">Justo arriba de Argentina figuran\u00a0<strong>Uruguay\u00a0<\/strong>(37,3 horas por semana),\u00a0<strong>Bolivia\u00a0<\/strong>(38) y\u00a0<strong>Ecuador\u00a0<\/strong>(38,4).<\/span><\/p>\n<p><span class=\"sigijh_hlt sigijh_animateMe\" style=\"color: #000000;\">En tanto, en la parte alta del ranking aparece\u00a0<strong>Colombia<\/strong>, con un promedio de 44,2 horas semanales trabajadas. Le siguen en orden descendente\u00a0<strong>M\u00e9xico\u00a0<\/strong>(43,7 horas),\u00a0<strong>Honduras\u00a0<\/strong>(43,6) y\u00a0<strong>El Salvador\u00a0<\/strong>(43,2).<\/span><\/p>\n<p><span style=\"color: #000000;\">De todas formas, los autores del informe aclararon que las estimaciones de la carga horaria semanal pueden incluir a trabajadores informales, por lo que el promedio general de algunos pa\u00edses puede verse particularmente disminuido. No se aclara si ese es el caso de Argentina, pero es un dato a tener en cuenta, considerando que nuestro pa\u00eds la informalidad laboral ha venido creciendo en los \u00faltimos a\u00f1os y hoy se ubica en el orden del 45 por ciento.<\/span><\/p>\n<p><span class=\"sigijh_hlt sigijh_animateMe\" style=\"color: #000000;\">De hecho, en los \u00faltimos doce a\u00f1os\u00a0se crearon apenas 250.000 empleos formales en el sector asalariado, contra 1.160.000 puestos informales, 1.170.000 monotributistas y 830.000 asalariados p\u00fablicos.<\/span><\/p>\n<p><span style=\"color: #000000;\">Otro datos interesante es que, aunque Argentina es una de las peor rankeadas, hay un 16% de los empleados que trabajan 49 horas o m\u00e1s. Eso quiere decir que est\u00e1n \u201csobreocupados\u201d y exceden el m\u00e1ximo de horas establecidas por ley. De todas formas, en otros pa\u00edses ese indicador es mucho mayor. En Per\u00fa, por ejemplo, el 32% de la masa asalariada se encuentra en esa situaci\u00f3n.<\/span><\/p>\n<h2 class=\"wp-block-heading\"><span style=\"color: #000000;\">Los d\u00edas festivos<\/span><\/h2>\n<p><span style=\"color: #000000;\">De acuerdo otro relevamiento de Statista,\u00a0<strong>Argentina\u00a0<\/strong>no es s\u00f3lo uno de los pa\u00edses que menos horas trabaja, sino que adem\u00e1s es el que m\u00e1s feriados tiene en toda Latinoam\u00e9rica, al menos ser\u00e1 as\u00ed este a\u00f1o, con 20 d\u00edas feriados.<\/span><\/p>\n<p><span style=\"color: #000000;\">\u201c<strong>Chile\u00a0<\/strong>(19),\u00a0<strong>Colombia\u00a0<\/strong>(18) y<strong>\u00a0Puerto Rico<\/strong>\u00a0(18) tambi\u00e9n ostentan algunas de las mayores cantidades de feriados, aunque lo m\u00e1s com\u00fan en Am\u00e9rica Latina es tener entre 11 y 13 por a\u00f1o, rango en el que se encuentran pa\u00edses como\u00a0<strong>M\u00e9xico<\/strong>,\u00a0<strong>Brasil\u00a0<\/strong>y\u00a0<strong>Per\u00fa<\/strong>\u201d, explicaron.<\/span><\/p>\n<p><span style=\"color: #000000;\">Por supuesto, los d\u00edas feriados ayudan a movilizar a cierto sectores de la econom\u00eda, sobre todo los vinculados al turismo, pero tambi\u00e9n implican un menor nivel de actividad para otros y una menor cantidad de horas trabajadas por parte de los empleados de muchos sectores.<\/span><\/p>\n<p><span class=\"sigijh_hlt sigijh_animateMe\" style=\"color: #000000;\">Ante este escenario, resulta atractivo tambi\u00e9n repasar c\u00f3mo se encuentran los salarios de la Argentina en relaci\u00f3n al resto de los pa\u00edses de la regi\u00f3n. De acuerdo a un informe de la misma consultora,\u00a0Argentina est\u00e1 entre los cinco pa\u00edses con el ingreso m\u00e1s bajo de la regi\u00f3n\u00a0junto a\u00a0<strong>Nicaragua, Hait\u00ed, Cuba y Venezuela<\/strong>.<\/span><\/p>\n<p><span style=\"color: #000000;\">Los pa\u00edses con salarios m\u00ednimos m\u00e1s altos de Latinoam\u00e9rica son\u00a0<strong>Costa Rica\u00a0<\/strong>(USD 714),\u00a0<strong>Uruguay<\/strong>\u00a0(USD 594),\u00a0<strong>Chile\u00a0<\/strong>(USD 470),\u00a0<strong>Ecuador\u00a0<\/strong>(USD 460) y\u00a0<strong>M\u00e9xico\u00a0<\/strong>(USD 456). En tanto,\u00a0<strong>Brasil<\/strong>, principal econ\u00f3mica de la regi\u00f3n, se ubica de la mitad de tabla para abajo (USD 282).<\/span><\/p>\n","protected":false},"excerpt":{"rendered":"<p>La reducci\u00f3n de la jornada laboral es un tema instalado en el debate popular y en la agenda parlamentaria, pero lo &#8230;<\/p>\n","protected":false},"author":7,"featured_media":134130,"comment_status":"open","ping_status":"open","sticky":false,"template":"","format":"standard","meta":{"footnotes":""},"categories":[5,10],"tags":[],"class_list":["post-134129","post","type-post","status-publish","format-standard","has-post-thumbnail","hentry","category-actualidad","category-destacadas"],"_links":{"self":[{"href":"https:\/\/vinasfm.com\/noticias\/wp-json\/wp\/v2\/posts\/134129","targetHints":{"allow":["GET"]}}],"collection":[{"href":"https:\/\/vinasfm.com\/noticias\/wp-json\/wp\/v2\/posts"}],"about":[{"href":"https:\/\/vinasfm.com\/noticias\/wp-json\/wp\/v2\/types\/post"}],"author":[{"embeddable":true,"href":"https:\/\/vinasfm.com\/noticias\/wp-json\/wp\/v2\/users\/7"}],"replies":[{"embeddable":true,"href":"https:\/\/vinasfm.com\/noticias\/wp-json\/wp\/v2\/comments?post=134129"}],"version-history":[{"count":2,"href":"https:\/\/vinasfm.com\/noticias\/wp-json\/wp\/v2\/posts\/134129\/revisions"}],"predecessor-version":[{"id":134172,"href":"https:\/\/vinasfm.com\/noticias\/wp-json\/wp\/v2\/posts\/134129\/revisions\/134172"}],"wp:featuredmedia":[{"embeddable":true,"href":"https:\/\/vinasfm.com\/noticias\/wp-json\/wp\/v2\/media\/134130"}],"wp:attachment":[{"href":"https:\/\/vinasfm.com\/noticias\/wp-json\/wp\/v2\/media?parent=134129"}],"wp:term":[{"taxonomy":"category","embeddable":true,"href":"https:\/\/vinasfm.com\/noticias\/wp-json\/wp\/v2\/categories?post=134129"},{"taxonomy":"post_tag","embeddable":true,"href":"https:\/\/vinasfm.com\/noticias\/wp-json\/wp\/v2\/tags?post=134129"}],"curies":[{"name":"wp","href":"https:\/\/api.w.org\/{rel}","templated":true}]}}