{"id":134013,"date":"2024-04-05T08:45:04","date_gmt":"2024-04-05T11:45:04","guid":{"rendered":"https:\/\/vinasfm.com\/noticias\/?p=134013"},"modified":"2024-04-05T08:45:04","modified_gmt":"2024-04-05T11:45:04","slug":"media-sancion-a-la-modificacion-del-codigo-minero-vilches-voto-a-favor","status":"publish","type":"post","link":"https:\/\/vinasfm.com\/noticias\/media-sancion-a-la-modificacion-del-codigo-minero-vilches-voto-a-favor\/","title":{"rendered":"MEDIA SANCI\u00d3N A LA MODIFICACI\u00d3N DEL C\u00d3DIGO MINERO: VILCHES VOT\u00d3 A FAVOR"},"content":{"rendered":"<p><span style=\"color: #000000;\"><strong>El pasado mi\u00e9rcoles, la C\u00e1mara de Diputados dio el visto bueno y aprob\u00f3 la media sanci\u00f3n a la propuesta del Poder Ejecutivo.\u00a0<\/strong><\/span><\/p>\n<p><span style=\"color: #000000;\">Fueron 35 los diputados que votaron a favor y, entre ellos se encuentra el alvearense Jos\u00e9 Vilches. <strong><i>\u00abEstamos conformes con la aprobaci\u00f3n\u00bb<\/i><\/strong>, comenz\u00f3 afirmando y continu\u00f3 <em><b>\u00abes un proyecto de Ley que el Poder Ejecutivo envi\u00f3 a la C\u00e1mara de Diputado hace m\u00e1s de un mes y hemos tenido la posibilidad de estudiarlos y hacer los aportes que consideramos necesarios, no solo por nosotros sino que tambi\u00e9n por todos los involucrados en esta materia\u00bb.\u00a0<\/b><\/em><\/span><\/p>\n<p><span style=\"color: #000000;\">El mismo fue presentado como una <em>\u00abmodernizaci\u00f3n al c\u00f3digo ya existentes\u00bb<\/em>, Vilches explic\u00f3 que <strong><i>\u00abel c\u00f3digo que reg\u00eda hasta el momento, que fue desarrollado en la \u00e9poca de 1940, y requer\u00eda de una adaptaci\u00f3n al tiempo, tecnolog\u00eda y comunicaci\u00f3n actual. El proyecto que obtuvo la media sanci\u00f3n busca implementar el registro de productores mineros y la actualizaci\u00f3n constante de la informaci\u00f3n para darle una mayor transparencia al protocolo minero\u00bb.\u00a0<\/i><\/strong><\/span><\/p>\n<p><span style=\"color: #000000;\">Sobre el tratado que le dar\u00e1 la C\u00e1mara de Senado a la Modificaci\u00f3n del C\u00f3digo Minero, Vilches alert\u00f3 que <em><b>\u00abes probable que no se trate de inmediato porque los Senadores tienen que realizar sus modificaciones que van a ser tenidas en cuenta. En Diputados tuvimos la oportunidad de que sean invitados todos los que forman parte de la miner\u00eda, incluido los Senadores, por lo que seguramente nos encontraremos con mayores aportes\u00bb.\u00a0<\/b><\/em><\/span><\/p>\n<h2><span style=\"color: #000000;\">DISTRITO MINERO MALARG\u00dcE<\/span><\/h2>\n<p><span style=\"color: #000000;\">En torno a la propuesta minera realizada por el Poder Ejecutivo, el Gobernador Alfredo Cornejo ha comenzado se ha referido al <em>\u00abDistrito minero Malarg\u00fce\u00bb<\/em>. El Diputado radical sostuvo que <strong>\u00abeste c\u00f3digo est\u00e1 enmarcado dentro de la Ley 7722, lo cual es muy importante para nosotros. No hemos tenido informaci\u00f3n de esta propuesta del Sr. Gobernador pero vamos a estudiarlo como corresponde cuando ingrese a la C\u00e1mara\u00bb.\u00a0<\/strong><\/span><\/p>\n","protected":false},"excerpt":{"rendered":"<p>El pasado mi\u00e9rcoles, la C\u00e1mara de Diputados dio el visto bueno y aprob\u00f3 la media sanci\u00f3n a la propuesta del Poder &#8230;<\/p>\n","protected":false},"author":7,"featured_media":134015,"comment_status":"open","ping_status":"open","sticky":false,"template":"","format":"standard","meta":{"footnotes":""},"categories":[1],"tags":[],"class_list":["post-134013","post","type-post","status-publish","format-standard","has-post-thumbnail","hentry","category-fmvinas"],"_links":{"self":[{"href":"https:\/\/vinasfm.com\/noticias\/wp-json\/wp\/v2\/posts\/134013","targetHints":{"allow":["GET"]}}],"collection":[{"href":"https:\/\/vinasfm.com\/noticias\/wp-json\/wp\/v2\/posts"}],"about":[{"href":"https:\/\/vinasfm.com\/noticias\/wp-json\/wp\/v2\/types\/post"}],"author":[{"embeddable":true,"href":"https:\/\/vinasfm.com\/noticias\/wp-json\/wp\/v2\/users\/7"}],"replies":[{"embeddable":true,"href":"https:\/\/vinasfm.com\/noticias\/wp-json\/wp\/v2\/comments?post=134013"}],"version-history":[{"count":1,"href":"https:\/\/vinasfm.com\/noticias\/wp-json\/wp\/v2\/posts\/134013\/revisions"}],"predecessor-version":[{"id":134016,"href":"https:\/\/vinasfm.com\/noticias\/wp-json\/wp\/v2\/posts\/134013\/revisions\/134016"}],"wp:featuredmedia":[{"embeddable":true,"href":"https:\/\/vinasfm.com\/noticias\/wp-json\/wp\/v2\/media\/134015"}],"wp:attachment":[{"href":"https:\/\/vinasfm.com\/noticias\/wp-json\/wp\/v2\/media?parent=134013"}],"wp:term":[{"taxonomy":"category","embeddable":true,"href":"https:\/\/vinasfm.com\/noticias\/wp-json\/wp\/v2\/categories?post=134013"},{"taxonomy":"post_tag","embeddable":true,"href":"https:\/\/vinasfm.com\/noticias\/wp-json\/wp\/v2\/tags?post=134013"}],"curies":[{"name":"wp","href":"https:\/\/api.w.org\/{rel}","templated":true}]}}