{"id":134007,"date":"2024-04-04T20:38:50","date_gmt":"2024-04-04T23:38:50","guid":{"rendered":"https:\/\/vinasfm.com\/noticias\/?p=134007"},"modified":"2024-04-04T20:38:50","modified_gmt":"2024-04-04T23:38:50","slug":"media-sancion-a-la-modificacion-del-codigo-minero-escudero-voto-en-contra","status":"publish","type":"post","link":"https:\/\/vinasfm.com\/noticias\/media-sancion-a-la-modificacion-del-codigo-minero-escudero-voto-en-contra\/","title":{"rendered":"MEDIA SANCI\u00d3N A LA MODIFICACI\u00d3N DEL C\u00d3DIGO MINERO: ESCUDERO VOT\u00d3 EN CONTRA"},"content":{"rendered":"<p><strong>Luego de analizar la propuesta del Poder Ejecutivo, la C\u00e1mara de Diputados se reuni\u00f3 y di\u00f3 media sanci\u00f3n a la Modificaci\u00f3n del C\u00f3digo Minero.<\/strong><\/p>\n<p>La votaci\u00f3n obtuvo 35 votos a favor y 10 en contra, que incluye el voto de la alvearense Roxana Escudero. <em><strong>\u00abLa reuni\u00f3n solo dur\u00f3 4 horas y las \u00faltimas modificaciones llegaron una hora antes de iniciar la sesi\u00f3n\u00bb<\/strong><\/em>, comenz\u00f3 explicando la Diputada.<\/p>\n<p>Sobre su voto en contra dijo <em><strong>\u00abse que detr\u00e1s de esto est\u00e1 el Ejecutivo que intenta traer la Megaminer\u00eda a Mendoza y nunca voy a apoyar eso. Adem\u00e1s, sabemos que a la larga la Ley 7722 no se va a respetar\u00bb.<\/strong><\/em> Es de destacar que el PJ vot\u00f3 dividido con 4 votos a favor y 4 en contra.<\/p>\n<p><strong><em>\u00abPedimos que el abogado que tome las decisiones se interiorice m\u00e1s en la miner\u00eda\u00bb<\/em><\/strong>, apunt\u00f3 Escudero y afirm\u00f3 no estar de acuerdo que <em><strong>\u00ablas decisiones sean tomadas por el y solo consulte ocasionalmente al Consejo Minero\u00bb.\u00a0<\/strong><\/em><\/p>\n<p>La Diputada tambi\u00e9n adelant\u00f3 que <em><strong>\u00abla pr\u00f3xima semana se comenzar\u00e1n a tratar los distritos mineros ya que el proyecto no espec\u00edfica la zona en la que se trabajar\u00e1\u00bb.<\/strong> <\/em>Por \u00faltimo manifest\u00f3 que<strong><em> \u00absiempre se va a defender el agua y la Ley 7722, es por eso que no acompa\u00f1ar\u00e9 nunca un proyecto que ponga en riesgo el recurso\u00bb.<\/em><\/strong><\/p>\n","protected":false},"excerpt":{"rendered":"<p>Luego de analizar la propuesta del Poder Ejecutivo, la C\u00e1mara de Diputados se reuni\u00f3 y di\u00f3 media sanci\u00f3n a la Modificaci\u00f3n &#8230;<\/p>\n","protected":false},"author":7,"featured_media":134009,"comment_status":"open","ping_status":"open","sticky":false,"template":"","format":"standard","meta":{"footnotes":""},"categories":[1],"tags":[],"class_list":["post-134007","post","type-post","status-publish","format-standard","has-post-thumbnail","hentry","category-fmvinas"],"_links":{"self":[{"href":"https:\/\/vinasfm.com\/noticias\/wp-json\/wp\/v2\/posts\/134007","targetHints":{"allow":["GET"]}}],"collection":[{"href":"https:\/\/vinasfm.com\/noticias\/wp-json\/wp\/v2\/posts"}],"about":[{"href":"https:\/\/vinasfm.com\/noticias\/wp-json\/wp\/v2\/types\/post"}],"author":[{"embeddable":true,"href":"https:\/\/vinasfm.com\/noticias\/wp-json\/wp\/v2\/users\/7"}],"replies":[{"embeddable":true,"href":"https:\/\/vinasfm.com\/noticias\/wp-json\/wp\/v2\/comments?post=134007"}],"version-history":[{"count":1,"href":"https:\/\/vinasfm.com\/noticias\/wp-json\/wp\/v2\/posts\/134007\/revisions"}],"predecessor-version":[{"id":134008,"href":"https:\/\/vinasfm.com\/noticias\/wp-json\/wp\/v2\/posts\/134007\/revisions\/134008"}],"wp:featuredmedia":[{"embeddable":true,"href":"https:\/\/vinasfm.com\/noticias\/wp-json\/wp\/v2\/media\/134009"}],"wp:attachment":[{"href":"https:\/\/vinasfm.com\/noticias\/wp-json\/wp\/v2\/media?parent=134007"}],"wp:term":[{"taxonomy":"category","embeddable":true,"href":"https:\/\/vinasfm.com\/noticias\/wp-json\/wp\/v2\/categories?post=134007"},{"taxonomy":"post_tag","embeddable":true,"href":"https:\/\/vinasfm.com\/noticias\/wp-json\/wp\/v2\/tags?post=134007"}],"curies":[{"name":"wp","href":"https:\/\/api.w.org\/{rel}","templated":true}]}}