{"id":133996,"date":"2024-04-04T11:28:25","date_gmt":"2024-04-04T14:28:25","guid":{"rendered":"https:\/\/vinasfm.com\/noticias\/?p=133996"},"modified":"2024-04-05T10:36:14","modified_gmt":"2024-04-05T13:36:14","slug":"comenzo-la-inscripcion-a-los-vouchers-educativos-como-completar-el-formulario-para-pedir-el-subsidio","status":"publish","type":"post","link":"https:\/\/vinasfm.com\/noticias\/comenzo-la-inscripcion-a-los-vouchers-educativos-como-completar-el-formulario-para-pedir-el-subsidio\/","title":{"rendered":"COMENZ\u00d3 LA INSCRIPCI\u00d3N A LOS VOUCHERS EDUCATIVOS: C\u00d3MO COMPLETAR EL FORMULARIO PARA PEDIR EL SUBSIDIO"},"content":{"rendered":"<p><strong>Este mi\u00e9rcoles 3 de abril abri\u00f3 la inscripci\u00f3n al programa asistencial de \u00abvouchers educativos\u00bb para familias con hijos que estudian en colegios privados con aporte estatal. El tr\u00e1mite se realiza de modo online, a trav\u00e9s de la web <a href=\"https:\/\/www.argentina.gob.ar\/\">argentina.gob.a.<\/a><\/strong><\/p>\n<p>Las familias de alumnos que asisten a colegios privados, que tienen m\u00e1s del 75 por ciento de aporte del Estado, podr\u00e1n pedir la ayuda oficial para pagar las cuotas de los meses de\u00a0mayo, junio y julio.<\/p>\n<p>Para ello<strong>\u00a0tendr\u00e1n que completar un formulario<\/strong>\u00a0que estar\u00e1\u00a0<strong>disponible hasta el 30\u00a0 de abril en<\/strong>\u00a0<a href=\"https:\/\/www.argentina.gob.ar\/vouchers-educativos\" target=\"_blank\" rel=\"noreferrer noopener\"><strong>argentina.gob.ar<\/strong>:<\/a><\/p>\n<p>Una vez en la web hay que dirigirse a la solapa \u00ab<strong>Inscripci\u00f3n<\/strong>\u00bb y hacer clic.<\/p>\n<p><img loading=\"lazy\" decoding=\"async\" class=\"\" src=\"https:\/\/i0.wp.com\/diariosanrafael.com.ar\/wp-content\/uploads\/2024\/04\/image-6.png?resize=960%2C598&amp;ssl=1\" width=\"500\" height=\"312\" \/><\/p>\n<p>Dentro de este men\u00fa se explica que \u00ab<strong>el registro para percibir el voucher educativo debe ser realizado por uno de los responsables parentales\u00bb<\/strong>\u00a0y que se \u00abpodr\u00e1 registrar a sus hijos y\/o menores a cargo\u00a0<strong>estudiantes de hasta 18 a\u00f1os de edad que asistan a instituciones educativas p\u00fablicas de gesti\u00f3n privada con al menos 75% de aporte estatal\u00a0<\/strong>de todo el pa\u00eds\u00bb.<\/p>\n<p><span class=\"sigijh_hlt\">Luego hay que\u00a0<strong>crear un usuario en la plataforma y\u00a0establecer una contrase\u00f1a.\u00a0<\/strong><\/span><\/p>\n<p><img loading=\"lazy\" decoding=\"async\" class=\"\" src=\"https:\/\/i0.wp.com\/diariosanrafael.com.ar\/wp-content\/uploads\/2024\/04\/image-7.png?resize=593%2C421&amp;ssl=1\" width=\"500\" height=\"355\" \/><\/p>\n<p>Para ello hay que completar los siguientes datos:<\/p>\n<ul>\n<li>apellido<\/li>\n<li>nombre<\/li>\n<li>n\u00famero de CUIT\/CUIL<\/li>\n<li>correo electr\u00f3nico<\/li>\n<li>usuario<\/li>\n<li>contrase\u00f1a<\/li>\n<\/ul>\n<p><span class=\"sigijh_hlt sigijh_animateMe\">Una vez hecho esto, hay que hacer clic en el bot\u00f3n<strong>\u00a0\u00abCrear usuario\u00bb y en \u00abcerrar\u00bb.<\/strong><\/span><img loading=\"lazy\" decoding=\"async\" class=\"wp-image-276494 alignnone\" src=\"https:\/\/i0.wp.com\/diariosanrafael.com.ar\/wp-content\/uploads\/2024\/04\/image-8.png?resize=587%2C568&amp;ssl=1\" sizes=\"auto, (max-width: 587px) 100vw, 587px\" srcset=\"https:\/\/i0.wp.com\/diariosanrafael.com.ar\/wp-content\/uploads\/2024\/04\/image-8.png?w=587&amp;ssl=1 587w, https:\/\/i0.wp.com\/diariosanrafael.com.ar\/wp-content\/uploads\/2024\/04\/image-8.png?resize=300%2C290&amp;ssl=1 300w\" alt=\"\" width=\"500\" height=\"484\" data-recalc-dims=\"1\" data-pin-no-hover=\"true\" \/><\/p>\n<p>As\u00ed, luego de haber creado el usuario, se regresa a la pantalla anterior, donde aparecen los botones\u00a0<strong>\u00abVouchers\u00bb y \u00abEstablecimientos educativos\u00bb<\/strong><\/p>\n<p><img loading=\"lazy\" decoding=\"async\" class=\"wp-image-276495 alignnone\" src=\"https:\/\/i0.wp.com\/diariosanrafael.com.ar\/wp-content\/uploads\/2024\/04\/image-9.png?resize=591%2C442&amp;ssl=1\" sizes=\"auto, (max-width: 591px) 100vw, 591px\" srcset=\"https:\/\/i0.wp.com\/diariosanrafael.com.ar\/wp-content\/uploads\/2024\/04\/image-9.png?w=591&amp;ssl=1 591w, https:\/\/i0.wp.com\/diariosanrafael.com.ar\/wp-content\/uploads\/2024\/04\/image-9.png?resize=300%2C224&amp;ssl=1 300w\" alt=\"\" width=\"500\" height=\"374\" data-recalc-dims=\"1\" data-pin-no-hover=\"true\" \/><\/p>\n<p>En \u00ab<strong>Vouchers<\/strong>\u00bb se piden los<strong>\u00a0datos personales del responsable a cargo<\/strong>\u00a0del menor:<\/p>\n<ul>\n<li>nombre y apellido<\/li>\n<li>CUIL<\/li>\n<li>nivel de educaci\u00f3n alcanzado<\/li>\n<li>\u00a0situaci\u00f3n laboral<\/li>\n<li>\u00a0si se perciben otras ayudas estatales como la AUH o la Ayuda Escolar Anual.<\/li>\n<li>Tambi\u00e9n hay que responder una serie de preguntas, como porqu\u00e9 se eligi\u00f3 la educaci\u00f3n privada y cu\u00e1l es la situaci\u00f3n familiar para afrontar el pago de las cuotas.<\/li>\n<\/ul>\n<p>Luego\u00a0<strong>se completan los datos personales de los menores<\/strong>\u00a0(nombre y apellido, CUIL, fecha de nacimiento y parentesco con el adulto) y la informaci\u00f3n educativa de los alumnos (Nivel, Sala\/Grado\/A\u00f1o, provincia).\u00a0Luego hay que seleccionar la escuela a la que se asiste del listado precargado a continuaci\u00f3n y declarar un CBU en ANSES.<\/p>\n<h2 class=\"wp-block-heading\">Qui\u00e9nes pueden cobrar el subsidio<\/h2>\n<p>Los beneficiarios de los \u00abvouchers\u00bb del Gobierno son \u00ablos padres o tutores de estudiantes de\u00a0<strong>hasta 18 a\u00f1os de edad inclusive<\/strong>\u00bb que asistan a<strong>\u00a0escuelas privadas\u00a0<\/strong>\u00ab<strong>con al menos 75% de aporte estatal<\/strong>\u00ab.<\/p>\n<p><span class=\"sigijh_hlt sigijh_animateMe\">La\u00a0<strong>cuota\u00a0<\/strong>del colegio\u00a0<strong>no puede superar los $54.396 mensuales. Y el voucher ser\u00e1 por el\u00a050% del valor de la cuota de jornada simple (quedan fuera las actividades extracurriculares)<\/strong>, en funci\u00f3n de la cuota base (marzo de 2024) para mayo, junio y julio. As\u00ed, el\u00a0<strong>voucher tendr\u00e1 un tope de $27.198 por hijo<\/strong>.<\/span><\/p>\n<p>Otro requisito es que\u00a0<strong>el ingreso familiar no puede\u00a0 superar\u00a0<\/strong>\u00ab<strong>el equivalente a siete salarios m\u00ednimos vitales y m\u00f3viles<\/strong>\u00bb \u2014es decir, seg\u00fan la \u00faltima actualizaci\u00f3n que lleva al SMVyM a $202.800, unos\u00a0<strong>$1.419.600<\/strong>\u2014.<\/p>\n","protected":false},"excerpt":{"rendered":"<p>Este mi\u00e9rcoles 3 de abril abri\u00f3 la inscripci\u00f3n al programa asistencial de \u00abvouchers educativos\u00bb para familias con hijos que estudian en &#8230;<\/p>\n","protected":false},"author":7,"featured_media":133998,"comment_status":"open","ping_status":"open","sticky":false,"template":"","format":"standard","meta":{"footnotes":""},"categories":[5,18],"tags":[],"class_list":["post-133996","post","type-post","status-publish","format-standard","has-post-thumbnail","hentry","category-actualidad","category-educacion"],"_links":{"self":[{"href":"https:\/\/vinasfm.com\/noticias\/wp-json\/wp\/v2\/posts\/133996","targetHints":{"allow":["GET"]}}],"collection":[{"href":"https:\/\/vinasfm.com\/noticias\/wp-json\/wp\/v2\/posts"}],"about":[{"href":"https:\/\/vinasfm.com\/noticias\/wp-json\/wp\/v2\/types\/post"}],"author":[{"embeddable":true,"href":"https:\/\/vinasfm.com\/noticias\/wp-json\/wp\/v2\/users\/7"}],"replies":[{"embeddable":true,"href":"https:\/\/vinasfm.com\/noticias\/wp-json\/wp\/v2\/comments?post=133996"}],"version-history":[{"count":1,"href":"https:\/\/vinasfm.com\/noticias\/wp-json\/wp\/v2\/posts\/133996\/revisions"}],"predecessor-version":[{"id":133999,"href":"https:\/\/vinasfm.com\/noticias\/wp-json\/wp\/v2\/posts\/133996\/revisions\/133999"}],"wp:featuredmedia":[{"embeddable":true,"href":"https:\/\/vinasfm.com\/noticias\/wp-json\/wp\/v2\/media\/133998"}],"wp:attachment":[{"href":"https:\/\/vinasfm.com\/noticias\/wp-json\/wp\/v2\/media?parent=133996"}],"wp:term":[{"taxonomy":"category","embeddable":true,"href":"https:\/\/vinasfm.com\/noticias\/wp-json\/wp\/v2\/categories?post=133996"},{"taxonomy":"post_tag","embeddable":true,"href":"https:\/\/vinasfm.com\/noticias\/wp-json\/wp\/v2\/tags?post=133996"}],"curies":[{"name":"wp","href":"https:\/\/api.w.org\/{rel}","templated":true}]}}