{"id":133985,"date":"2024-04-04T09:51:46","date_gmt":"2024-04-04T12:51:46","guid":{"rendered":"https:\/\/vinasfm.com\/noticias\/?p=133985"},"modified":"2024-04-05T08:46:22","modified_gmt":"2024-04-05T11:46:22","slug":"gas-las-claves-para-entender-los-nuevos-aumentos-y-el-fuerte-salto-que-se-espera-en-invierno","status":"publish","type":"post","link":"https:\/\/vinasfm.com\/noticias\/gas-las-claves-para-entender-los-nuevos-aumentos-y-el-fuerte-salto-que-se-espera-en-invierno\/","title":{"rendered":"GAS: LAS CLAVES PARA ENTENDER LOS NUEVOS AUMENTOS Y EL FUERTE SALTO QUE SE ESPERA EN INVIERNO"},"content":{"rendered":"<p><span style=\"color: #000000;\"><strong>Desde este mes las tarifas tendr\u00e1n un piso m\u00e1s alto por la decisi\u00f3n oficial de aumentar el cargo fijo de las facturas, en algunos casos m\u00e1s del 1.000 por ciento. Para julio se sentir\u00e1 un \u201ctriple impacto\u201d que podr\u00eda hacer saltar las tarifas residenciales hasta 1.300 por ciento.<\/strong><\/span><\/p>\n<p><span style=\"color: #000000;\">El<b>\u00a0Ente Nacional Regulador del Gas (Enargas)<\/b>\u00a0oficializ\u00f3 los cuadros tarifarios que comenzar\u00e1n a regir desde abril para los<b>\u00a0usuarios residenciales, comercios e industrias<\/b>. All\u00ed se contempla el salto en el\u00a0<b>costo del gas, la distribuci\u00f3n y el transporte<\/b>. Para algunos hogares\u00a0los aumentos en las facturas finales partir\u00e1n desde el 150% y llegar\u00e1n a casi 460% dependiendo de a qu\u00e9 universo de la segmentaci\u00f3n de subsidios pertenezca.<\/span><\/p>\n<p class=\"paragraph\" data-mrf-recirculation=\"Links inline\"><span style=\"color: #000000;\">Pero eso no ser\u00e1 todo.\u00a0Desde mayo las boletas se actualizar\u00e1n mensualmente en base para mantener constante sus valores en los pr\u00f3ximos meses a lo que se sumar\u00e1 el pico de consumo invernal.\u00a0<b>De cara al invierno, los usuarios recibir\u00e1n un \u201ctriple impacto\u201d que podr\u00eda hacer saltar sus facturas hasta 1.300% acumulado entre marzo y julio<\/b>.<\/span><\/p>\n<p class=\"paragraph\" data-mrf-recirculation=\"Links inline\"><span style=\"color: #000000;\">La boleta de este servicio est\u00e1 compuesta por cuatro \u00edtems: el precio del gas, el costo de transporte, el servicio de distribuci\u00f3n y los impuestos. Para el caso de la distribuidora\u00a0<b>Metrogas<\/b>\u00a0(2,3 millones de clientes en 11 municipios del sudeste del conurbano bonaerense y CABA) se divide de la siguiente manera: el costo del gas (41%), la distribuci\u00f3n (24%), el transporte (17%) e impuestos y tasas municipales (24%).<\/span><\/p>\n<h2 data-mrf-recirculation=\"Links inline\"><span style=\"color: #000000;\">Un triple impacto en invierno<\/span><\/h2>\n<p data-mrf-recirculation=\"Links inline\"><span style=\"color: #000000;\">La mayor novedad de este mi\u00e9rcoles fue que el Enargas decidi\u00f3 elevar el cargo fijo que pagan los hogares, con saltos que superan el 1.000% en algunos casos, por lo que el piso de las boletas comenzar\u00e1 a ser mucho m\u00e1s alto m\u00e1s all\u00e1 de lo que se consuma. A eso se sumar\u00e1 desde mayo el comienzo de la aplicaci\u00f3n del sistema de indexaci\u00f3n mensual y un mayor consumo por las menores temperaturas a medida que se acerca el invierno.<\/span><\/p>\n<p class=\"paragraph\" data-mrf-recirculation=\"Links inline\"><span style=\"color: #000000;\">El economista<b>\u00a0Julian Rojo<\/b> advirti\u00f3 que en los pr\u00f3ximos meses los usuarios tendr\u00e1n un triple impacto a la hora de pagar el servicio. \u201cLo primero es que se parte de un piso mucho m\u00e1s alto por el cargo fijo. El segundo tema es que desde mayo los cuadros tarifarios se van a aumentar mensualmente en base a inflaci\u00f3n, devaluaci\u00f3n y el costo de la construcci\u00f3n. El tercer punto es que el pico de consumo invernal se sumar\u00e1 a ese combo. Las facturas de gas pueden multiplicarse por 10 y 12 veces entre marzo y julio\u201d, dijo ante la consulta.<\/span><\/p>\n<p class=\"paragraph\" data-mrf-recirculation=\"Links inline\"><span style=\"color: #000000;\">Cada hogar paga distinto por cargo fijo en base a su categor\u00eda de consumo y tambi\u00e9n por la zona de residencia, es decir, si es de<b>\u00a0CABA<\/b>\u00a0o\u00a0<b>Buenos Aires<\/b>. Por caso en las facturas de Metrogas figura en la parte superior el tipo de usuario y en la parte de \u201cdetalles de conceptos facturados\u201d el monto que representa ese cargo fijo.<b>\u00a0Es importante destacar que eso es bimestral<\/b>. Pero tambi\u00e9n hay que tener en cuenta a qu\u00e9 universo pertenece cada hogar en base a la segmentaci\u00f3n de subsidios vigentes:\u00a0<b>N1 altos ingresos, N2 bajos ingresos y N3 medios ingresos<\/b>.<\/span><\/p>\n","protected":false},"excerpt":{"rendered":"<p>Desde este mes las tarifas tendr\u00e1n un piso m\u00e1s alto por la decisi\u00f3n oficial de aumentar el cargo fijo de las &#8230;<\/p>\n","protected":false},"author":7,"featured_media":133986,"comment_status":"open","ping_status":"open","sticky":false,"template":"","format":"standard","meta":{"footnotes":""},"categories":[5,169],"tags":[],"class_list":["post-133985","post","type-post","status-publish","format-standard","has-post-thumbnail","hentry","category-actualidad","category-aumentos"],"_links":{"self":[{"href":"https:\/\/vinasfm.com\/noticias\/wp-json\/wp\/v2\/posts\/133985","targetHints":{"allow":["GET"]}}],"collection":[{"href":"https:\/\/vinasfm.com\/noticias\/wp-json\/wp\/v2\/posts"}],"about":[{"href":"https:\/\/vinasfm.com\/noticias\/wp-json\/wp\/v2\/types\/post"}],"author":[{"embeddable":true,"href":"https:\/\/vinasfm.com\/noticias\/wp-json\/wp\/v2\/users\/7"}],"replies":[{"embeddable":true,"href":"https:\/\/vinasfm.com\/noticias\/wp-json\/wp\/v2\/comments?post=133985"}],"version-history":[{"count":1,"href":"https:\/\/vinasfm.com\/noticias\/wp-json\/wp\/v2\/posts\/133985\/revisions"}],"predecessor-version":[{"id":133987,"href":"https:\/\/vinasfm.com\/noticias\/wp-json\/wp\/v2\/posts\/133985\/revisions\/133987"}],"wp:featuredmedia":[{"embeddable":true,"href":"https:\/\/vinasfm.com\/noticias\/wp-json\/wp\/v2\/media\/133986"}],"wp:attachment":[{"href":"https:\/\/vinasfm.com\/noticias\/wp-json\/wp\/v2\/media?parent=133985"}],"wp:term":[{"taxonomy":"category","embeddable":true,"href":"https:\/\/vinasfm.com\/noticias\/wp-json\/wp\/v2\/categories?post=133985"},{"taxonomy":"post_tag","embeddable":true,"href":"https:\/\/vinasfm.com\/noticias\/wp-json\/wp\/v2\/tags?post=133985"}],"curies":[{"name":"wp","href":"https:\/\/api.w.org\/{rel}","templated":true}]}}