{"id":133943,"date":"2024-04-03T10:33:35","date_gmt":"2024-04-03T13:33:35","guid":{"rendered":"https:\/\/vinasfm.com\/noticias\/?p=133943"},"modified":"2024-04-04T09:46:08","modified_gmt":"2024-04-04T12:46:08","slug":"cancer-de-colon-los-sintomas-que-deben-ponerte-en-alerta","status":"publish","type":"post","link":"https:\/\/vinasfm.com\/noticias\/cancer-de-colon-los-sintomas-que-deben-ponerte-en-alerta\/","title":{"rendered":"C\u00c1NCER DE COLON: LOS S\u00cdNTOMAS QUE DEBEN PONERTE EN ALERTA"},"content":{"rendered":"<p><strong>Seg\u00fan datos del Ministerio de Salud de la Naci\u00f3n, s\u00f3lo el 30% de la poblaci\u00f3n se realiza los controles preventivos.<\/strong><\/p>\n<p>Cada 31 de marzo se conmemora el <em>\u00abD\u00eda Mundial del C\u00e1ncer de colon\u00bb<\/em>, una enfermedad prevenible y curable. La finalidad de la fecha es la toma de conciencia para que m\u00e1s gente pueda prevenir la enfermedad.<\/p>\n<p>Seg\u00fan datos proporcionados por el Ministerio de Salud de la Naci\u00f3n,<strong> en Argentina muernes unas 24 personas por d\u00eda<\/strong>\u00a0y s\u00f3lo el 30% de la poblaci\u00f3n se realiza los chequeos preventivos.<\/p>\n<p>Este tipo de c\u00e1ncer es el segundo m\u00e1s frecuente y el de mayor mortalidad en Argentina. Estiman que por a\u00f1o se diagnostican a unas 15.000 personas y, de ellas, un poco m\u00e1s de 7.000 muere por no haberlo detectado a tiempo, en la mayor\u00eda de los casos.<\/p>\n<h2 id=\"h-falta-de-controles\" class=\"wp-block-heading\">Falta de controles<\/h2>\n<p>Hace unos d\u00edas, la\u00a0<strong>Fundaci\u00f3n GEDYT<\/strong>, una organizaci\u00f3n sin fines de lucro que tiene como objetivo contribuir al acceso equitativo a la salud digestiva de calidad, realiz\u00f3 una encuesta para visibilizar y concientizar sobre la importancia de los controles peri\u00f3dicos para salvar vidas.<\/p>\n<p>En el relevamiento, se cuestion\u00f3 a hombres y mujeres de 40 a 70 a\u00f1os, y <strong>el 45.4% de quienes no se han sometido a estudios de chequeo y prevenci\u00f3n justificaron la falta de recomendaic\u00f3n m\u00e9dica como raz\u00f3n principal.<\/strong><\/p>\n<p>En tanto, un 24,3% se\u00f1al\u00f3 la falta de informaci\u00f3n como segundo factor. Otras razones fueron miedo o verg\u00fcenza (13,3%) y falta de tiempo (6,2%).<\/p>\n<p>Asimismo, del total de los consultados, el 37,8% identifica preocupaciones durante el estudio, como el temor a hallazgos inesperados e incomodidades asociadas con la preparaci\u00f3n.<\/p>\n<h2 id=\"h-sintomas-y-como-prevenir-la-enfermedad\" class=\"wp-block-heading\">S\u00edntomas y c\u00f3mo prevenir la enfermedad<\/h2>\n<p>El\u00a0<strong>c\u00e1ncer de colon<\/strong>\u00a0es una enfermedad causada por un crecimiento anormal en la mucosa col\u00f3nica y el recto, por eso tambi\u00e9n se lo conoce como c\u00e1ncer colorrectal. La detecci\u00f3n temprana y la prevenci\u00f3n son clave para disminuir tanto la incidencia como la mortalidad.<\/p>\n<p><em><strong>\u201cLa enfermedad no suele provocar s\u00edntomas en sus inicios, sino cuando ya se encuentra en un estadio avanzado, por eso son importantes los chequeos preventivos para salvar vidas. Detectado a tiempo, el c\u00e1ncer de colon tiene 90% de probabilidades de ser curado\u201d<\/strong>,<\/em>\u00a0asegur\u00f3 Luis Caro, gastroenter\u00f3logo referente en Am\u00e9rica Latina y presidente de Fundaci\u00f3n GEDYT<\/p>\n<p>Si bien el c\u00e1ncer de colon afecta tanto a hombres como a mujeres mayores de 45 a\u00f1os,\u00a0puede aparecer en cualquier edad.<\/p>\n<h3><strong>Los principales s\u00edntomas a tener en cuenta son:<\/strong><\/h3>\n<ul>\n<li>Sangrado rectal o en las heces.<\/li>\n<li>Cambios en el ritmo evacuatorio.<\/li>\n<li>Dolor abdominal.<\/li>\n<li>Molestias o calambres frecuentes.<\/li>\n<li>P\u00e9rdida de peso inexplicada o anemia.<\/li>\n<\/ul>\n<p>Ante esto o en caso de tener antecedentes familiares, es necesario que la persona se realice una\u00a0<strong>colonoscop\u00eda<\/strong>, un estudio que permite detectar p\u00f3lipos muy peque\u00f1os. La duaraci\u00f3n del estudio no supera los 20 minutos y se hace con una sedaci\u00f3n total.<\/p>\n","protected":false},"excerpt":{"rendered":"<p>Seg\u00fan datos del Ministerio de Salud de la Naci\u00f3n, s\u00f3lo el 30% de la poblaci\u00f3n se realiza los controles preventivos. Cada &#8230;<\/p>\n","protected":false},"author":7,"featured_media":133944,"comment_status":"open","ping_status":"open","sticky":false,"template":"","format":"standard","meta":{"footnotes":""},"categories":[5,15],"tags":[],"class_list":["post-133943","post","type-post","status-publish","format-standard","has-post-thumbnail","hentry","category-actualidad","category-salud"],"_links":{"self":[{"href":"https:\/\/vinasfm.com\/noticias\/wp-json\/wp\/v2\/posts\/133943","targetHints":{"allow":["GET"]}}],"collection":[{"href":"https:\/\/vinasfm.com\/noticias\/wp-json\/wp\/v2\/posts"}],"about":[{"href":"https:\/\/vinasfm.com\/noticias\/wp-json\/wp\/v2\/types\/post"}],"author":[{"embeddable":true,"href":"https:\/\/vinasfm.com\/noticias\/wp-json\/wp\/v2\/users\/7"}],"replies":[{"embeddable":true,"href":"https:\/\/vinasfm.com\/noticias\/wp-json\/wp\/v2\/comments?post=133943"}],"version-history":[{"count":3,"href":"https:\/\/vinasfm.com\/noticias\/wp-json\/wp\/v2\/posts\/133943\/revisions"}],"predecessor-version":[{"id":133947,"href":"https:\/\/vinasfm.com\/noticias\/wp-json\/wp\/v2\/posts\/133943\/revisions\/133947"}],"wp:featuredmedia":[{"embeddable":true,"href":"https:\/\/vinasfm.com\/noticias\/wp-json\/wp\/v2\/media\/133944"}],"wp:attachment":[{"href":"https:\/\/vinasfm.com\/noticias\/wp-json\/wp\/v2\/media?parent=133943"}],"wp:term":[{"taxonomy":"category","embeddable":true,"href":"https:\/\/vinasfm.com\/noticias\/wp-json\/wp\/v2\/categories?post=133943"},{"taxonomy":"post_tag","embeddable":true,"href":"https:\/\/vinasfm.com\/noticias\/wp-json\/wp\/v2\/tags?post=133943"}],"curies":[{"name":"wp","href":"https:\/\/api.w.org\/{rel}","templated":true}]}}