{"id":133934,"date":"2024-04-03T10:24:20","date_gmt":"2024-04-03T13:24:20","guid":{"rendered":"https:\/\/vinasfm.com\/noticias\/?p=133934"},"modified":"2024-04-04T09:22:40","modified_gmt":"2024-04-04T12:22:40","slug":"marcolini-brindo-una-actualizacion-de-distintos-temas-legislativos-que-interesan-a-los-mendocinos","status":"publish","type":"post","link":"https:\/\/vinasfm.com\/noticias\/marcolini-brindo-una-actualizacion-de-distintos-temas-legislativos-que-interesan-a-los-mendocinos\/","title":{"rendered":"MARCOLINI BRINDO UNA ACTUALIZACI\u00d3N DE DISTINTOS TEMAS LEGISLATIVOS QUE INTERESAN A LOS MENDOCINOS"},"content":{"rendered":"<p><strong>En el marco del \u201cD\u00eda del Veterano y los Ca\u00eddos en Malvinas\u201d, el legislador estuvo presente en el Acto Oficial y homenajeo a combatientes presentes. Adem\u00e1s, analiz\u00f3 el trabajo que lleva adelante la C\u00e1mara de Senadores.<\/strong><\/p>\n<p>En primer lugar Walther Marcolini se refiri\u00f3 al Programa Integral de Salud presentado por el Gobernador Alfredo Cornejo y el Ministro Rodolfo Montero, <strong><em>\u201ceste Programa abarca desde los medicamentos hasta tecnolog\u00eda y discapacidad, incluyendo un r\u00e9gimen para los m\u00e9dicos profesionales. Hay algunas leyes que ya fueron aprobadas por la C\u00e1mara y esperamos que tengan un efecto m\u00e1s que favorable\u201d. <\/em><\/strong>Uno de los \u00edtems que inclu\u00eda el proyecto se refiere a las residencias m\u00e9dicas en los hospitales de la provincia y la elecci\u00f3n de especialidades en \u00e1reas necesarias como neonatolog\u00eda, pediatr\u00eda y medicina familiar.<\/p>\n<p>Siguiendo en el \u00e1mbito de salud, el Legislador analiz\u00f3 la preocupaci\u00f3n de ciudadanos por la suspensi\u00f3n de guardias oncol\u00f3gicas en el hospital pedi\u00e1trico Dr. Humberto Notti. <strong><em>\u201cSi bien es un a\u00f1o muy complicado en cuanto a lo fiscal, derivado de los ajustes que ha realizado el Gobierno Nacional, entiendo que nunca se dejar\u00edan de realizar dichas guardias salvo que alg\u00fan profesional deje de pertenecer a la instituci\u00f3n\u201d<\/em><\/strong>, explic\u00f3 el Exintendente y profundiz\u00f3 <strong><em>\u201csabemos que el Hospital Notti tiene la m\u00e1s alta complejidad, es por eso que dudo que esa situaci\u00f3n tenga lugar. S\u00ed es verdad que atravesamos una situaci\u00f3n de d\u00e9ficit de recursos monetarios y humano, pero no est\u00e1n en riesgo las guardias oncol\u00f3gicas\u201d.<\/em><\/strong><\/p>\n<p><img loading=\"lazy\" decoding=\"async\" class=\"\" src=\"https:\/\/mendozatoday.com.ar\/wp-content\/uploads\/2023\/02\/Images-185.jpg\" alt=\"D\u00eda Internacional del C\u00e1ncer Infantil: c\u00f3mo transitan su tratamiento oncol\u00f3gico ni\u00f1os y ni\u00f1as en el Notti - Mendoza Today\" width=\"460\" height=\"263\" \/><\/p>\n<h6>Hospital Pedi\u00e1trico Dr. Humberto Notti<\/h6>\n<p><span style=\"color: #000000;\">Por otro lado, Marcolini brind\u00f3 detalles del tratado del C\u00f3digo de Procedimiento Minero:<em><strong> \u201cIngres\u00f3 por la C\u00e1mara de Diputado, ha tenido varios estudios y un gran an\u00e1lisis en comisi\u00f3n. Se realizaron muchas reuniones en donde tambi\u00e9n fuer participe el Senado, iba a tener despacho la semana pasada pero se decidi\u00f3 que ser\u00e1 tratado la pr\u00f3xima semana\u201d.<\/strong><\/em> Adem\u00e1s, explic\u00f3 que <em><strong>\u201chemos optado por darle el mismo tratamiento que al Proyecto Integral de Salud, para que puedan participar todos los sectores involucrados. Creemos que es un proyecto que va a avanzar sin ning\u00fan inconveniente m\u00e1s all\u00e1 de los cambios que ya se han aplicado y fueron recibidos por el Poder Ejecutivo\u201d.<\/strong><\/em><\/span><\/p>\n<p><span style=\"color: #000000;\">Uno de los temas que m\u00e1s preocupan a los mendocinos es el crecimiento de la inseguridad en toda la provincia, adem\u00e1s del debate de bajar la edad de imputabilidad. <strong><em>\u201cHay que tener en claro que, lamentablemente, la inseguridad est\u00e1 presente en todo el pa\u00eds sobre todo en las grandes ciudades; el Ministerio de Seguridad est\u00e1 trabajando en ello para disminuir estos casos y asegurar la seguridad de todos los ciudadanos\u201d<\/em><\/strong>, manifest\u00f3 Walther Marcolini y asegur\u00f3 que <em><strong>\u201ces seguro que la propuesta del Gobierno Nacional, de bajar de la edad de imputabilidad, va a instalar un gran debate. Hay personas que van a entender que si un menor mata con un arma de fuego tiene que poder ser juzgado como corresponde, es por eso que creo que este debate se ha postergado muchos a\u00f1os en Argentina y que, indudablemente, debemos contar con la posibilidad de imputabilidad a menores que delinquen alevosamente\u201d.<\/strong><\/em><\/span><\/p>\n<h6>G. Vallejos<\/h6>\n","protected":false},"excerpt":{"rendered":"<p>En el marco del \u201cD\u00eda del Veterano y los Ca\u00eddos en Malvinas\u201d, el legislador estuvo presente en el Acto Oficial y &#8230;<\/p>\n","protected":false},"author":7,"featured_media":133935,"comment_status":"open","ping_status":"open","sticky":false,"template":"","format":"standard","meta":{"footnotes":""},"categories":[5,10],"tags":[],"class_list":["post-133934","post","type-post","status-publish","format-standard","has-post-thumbnail","hentry","category-actualidad","category-destacadas"],"_links":{"self":[{"href":"https:\/\/vinasfm.com\/noticias\/wp-json\/wp\/v2\/posts\/133934","targetHints":{"allow":["GET"]}}],"collection":[{"href":"https:\/\/vinasfm.com\/noticias\/wp-json\/wp\/v2\/posts"}],"about":[{"href":"https:\/\/vinasfm.com\/noticias\/wp-json\/wp\/v2\/types\/post"}],"author":[{"embeddable":true,"href":"https:\/\/vinasfm.com\/noticias\/wp-json\/wp\/v2\/users\/7"}],"replies":[{"embeddable":true,"href":"https:\/\/vinasfm.com\/noticias\/wp-json\/wp\/v2\/comments?post=133934"}],"version-history":[{"count":7,"href":"https:\/\/vinasfm.com\/noticias\/wp-json\/wp\/v2\/posts\/133934\/revisions"}],"predecessor-version":[{"id":133937,"href":"https:\/\/vinasfm.com\/noticias\/wp-json\/wp\/v2\/posts\/133934\/revisions\/133937"}],"wp:featuredmedia":[{"embeddable":true,"href":"https:\/\/vinasfm.com\/noticias\/wp-json\/wp\/v2\/media\/133935"}],"wp:attachment":[{"href":"https:\/\/vinasfm.com\/noticias\/wp-json\/wp\/v2\/media?parent=133934"}],"wp:term":[{"taxonomy":"category","embeddable":true,"href":"https:\/\/vinasfm.com\/noticias\/wp-json\/wp\/v2\/categories?post=133934"},{"taxonomy":"post_tag","embeddable":true,"href":"https:\/\/vinasfm.com\/noticias\/wp-json\/wp\/v2\/tags?post=133934"}],"curies":[{"name":"wp","href":"https:\/\/api.w.org\/{rel}","templated":true}]}}