{"id":133917,"date":"2024-04-03T08:59:33","date_gmt":"2024-04-03T11:59:33","guid":{"rendered":"https:\/\/vinasfm.com\/noticias\/?p=133917"},"modified":"2024-04-04T09:23:41","modified_gmt":"2024-04-04T12:23:41","slug":"brindan-un-taller-de-apoyo-y-fortalecimiento-para-familias-de-ninos-con-tea","status":"publish","type":"post","link":"https:\/\/vinasfm.com\/noticias\/brindan-un-taller-de-apoyo-y-fortalecimiento-para-familias-de-ninos-con-tea\/","title":{"rendered":"BRINDAN UN TALLER DE APOYO Y FORTALECIMIENTO PARA FAMILIAS DE NI\u00d1OS CON TEA"},"content":{"rendered":"<p><span style=\"color: #000000;\"><strong>En el marco de la concienciaci\u00f3n de Autismo la Asesor\u00eda de Discapacidad brind\u00f3 un taller para las familias que tienen ni\u00f1os con TEA. <\/strong><\/span><\/p>\n<p><span style=\"color: #000000;\">El autismo, es tambi\u00e9n denominado trastorno del espectro autista, constituye un grupo de afecciones diversas relacionadas con el desarrollo del cerebro. Las caracter\u00edsticas pueden detectarse en la primera infancia, pero, a menudo, el autismo no se diagnostica hasta mucho m\u00e1s tarde.<\/span><\/p>\n<p><span style=\"color: #000000;\">Las capacidades y las necesidades de las personas con autismo var\u00edan y pueden evolucionar con el tiempo. Aunque algunas personas con autismo pueden vivir de manera independiente, hay otras con discapacidades graves que necesitan constante atenci\u00f3n y apoyo durante toda su vida. El autismo suele influir en la educaci\u00f3n y las oportunidades de empleo. Adem\u00e1s, impone exigencias considerables a las familias que prestan atenci\u00f3n y apoyo. Las actitudes sociales y el nivel de apoyo prestado por las autoridades locales y nacionales son factores importantes que determinan la calidad de vida de las personas con autismo.<\/span><\/p>\n<p><a href=\"https:\/\/vinasfm.com\/noticias\/wp-content\/uploads\/2024\/04\/Charla-Taller-de-Autismo-5-scaled.jpg\"><img loading=\"lazy\" decoding=\"async\" class=\"alignnone wp-image-133919\" src=\"https:\/\/vinasfm.com\/noticias\/wp-content\/uploads\/2024\/04\/Charla-Taller-de-Autismo-5-1024x683.jpg\" alt=\"\" width=\"425\" height=\"283\" srcset=\"https:\/\/vinasfm.com\/noticias\/wp-content\/uploads\/2024\/04\/Charla-Taller-de-Autismo-5-1024x683.jpg 1024w, https:\/\/vinasfm.com\/noticias\/wp-content\/uploads\/2024\/04\/Charla-Taller-de-Autismo-5-300x200.jpg 300w, https:\/\/vinasfm.com\/noticias\/wp-content\/uploads\/2024\/04\/Charla-Taller-de-Autismo-5-768x512.jpg 768w, https:\/\/vinasfm.com\/noticias\/wp-content\/uploads\/2024\/04\/Charla-Taller-de-Autismo-5-1536x1024.jpg 1536w, https:\/\/vinasfm.com\/noticias\/wp-content\/uploads\/2024\/04\/Charla-Taller-de-Autismo-5-2048x1365.jpg 2048w\" sizes=\"auto, (max-width: 425px) 100vw, 425px\" \/><\/a> <a href=\"https:\/\/vinasfm.com\/noticias\/wp-content\/uploads\/2024\/04\/Charla-Taller-de-Autismo-6-scaled.jpg\"><img loading=\"lazy\" decoding=\"async\" class=\"alignnone wp-image-133920\" src=\"https:\/\/vinasfm.com\/noticias\/wp-content\/uploads\/2024\/04\/Charla-Taller-de-Autismo-6-1024x684.jpg\" alt=\"\" width=\"425\" height=\"284\" srcset=\"https:\/\/vinasfm.com\/noticias\/wp-content\/uploads\/2024\/04\/Charla-Taller-de-Autismo-6-1024x684.jpg 1024w, https:\/\/vinasfm.com\/noticias\/wp-content\/uploads\/2024\/04\/Charla-Taller-de-Autismo-6-300x200.jpg 300w, https:\/\/vinasfm.com\/noticias\/wp-content\/uploads\/2024\/04\/Charla-Taller-de-Autismo-6-768x513.jpg 768w, https:\/\/vinasfm.com\/noticias\/wp-content\/uploads\/2024\/04\/Charla-Taller-de-Autismo-6-1536x1026.jpg 1536w, https:\/\/vinasfm.com\/noticias\/wp-content\/uploads\/2024\/04\/Charla-Taller-de-Autismo-6-2048x1368.jpg 2048w\" sizes=\"auto, (max-width: 425px) 100vw, 425px\" \/><\/a><\/p>\n<p><span style=\"color: #000000;\"><em><strong>\u201cEste es el segundo encuentro que tenemos, ac\u00e1 encontramos un lugar de contenci\u00f3n donde intercambiamos informaci\u00f3n, descargamos y aprendemos. Tenemos una psic\u00f3loga que nos ayuda desde lo profesional, nos contiene desde lo emocional, seria la parte te\u00f3rica de esta capacitaci\u00f3n\u201d,<\/strong><\/em> manifest\u00f3 Romina mam\u00e1 de ni\u00f1o con TEA.<\/span><\/p>\n<p><span style=\"color: #000000;\"><em><strong>\u201cEs muy importante este tipo de actividades porque en Alvear es invisible el autismo, la sociedad tiene que saber que en nuestro departamento hay muchos chicos con TEA y deben aprender que el autismo no es algo raro, solo hay que ser emp\u00e1ticos y saber tratar con personas con discapacidad\u201d<\/strong><\/em>, remarc\u00f3.<\/span><\/p>\n<p><span style=\"color: #000000;\">El pr\u00f3ximo 11 de abril se dictar\u00e1 una charla con un profesional de san Rafael con el objetivo de generar acciones sobre el autismo, se entregar\u00e1 un certificado de asistencia y es abierta para todo p\u00fablico.<\/span><\/p>\n<p><span style=\"color: #000000;\">Viviana Lima, Asesora de Discapacidad expres\u00f3 <strong><em>\u201cha sido muy lindo este encuentro, tenemos contacto con algunas mam\u00e1s que son ellas las que impulsan este tipo de taller. El objetivo es compartir vivencias, propuestas y charlas sobre el d\u00eda a d\u00eda de familias que tienen chicos con autismo. Est\u00e1n todas muy contentas porque se sienten muy solas en este camino y con este tipo de actividades se contienen entre todas. El pr\u00f3ximo taller ser\u00e1 el 11 de abril con una profesional\u201d.<\/em><\/strong><\/span><\/p>\n","protected":false},"excerpt":{"rendered":"<p>En el marco de la concienciaci\u00f3n de Autismo la Asesor\u00eda de Discapacidad brind\u00f3 un taller para las familias que tienen ni\u00f1os &#8230;<\/p>\n","protected":false},"author":7,"featured_media":133918,"comment_status":"open","ping_status":"open","sticky":false,"template":"","format":"standard","meta":{"footnotes":""},"categories":[5,15],"tags":[],"class_list":["post-133917","post","type-post","status-publish","format-standard","has-post-thumbnail","hentry","category-actualidad","category-salud"],"_links":{"self":[{"href":"https:\/\/vinasfm.com\/noticias\/wp-json\/wp\/v2\/posts\/133917","targetHints":{"allow":["GET"]}}],"collection":[{"href":"https:\/\/vinasfm.com\/noticias\/wp-json\/wp\/v2\/posts"}],"about":[{"href":"https:\/\/vinasfm.com\/noticias\/wp-json\/wp\/v2\/types\/post"}],"author":[{"embeddable":true,"href":"https:\/\/vinasfm.com\/noticias\/wp-json\/wp\/v2\/users\/7"}],"replies":[{"embeddable":true,"href":"https:\/\/vinasfm.com\/noticias\/wp-json\/wp\/v2\/comments?post=133917"}],"version-history":[{"count":1,"href":"https:\/\/vinasfm.com\/noticias\/wp-json\/wp\/v2\/posts\/133917\/revisions"}],"predecessor-version":[{"id":133921,"href":"https:\/\/vinasfm.com\/noticias\/wp-json\/wp\/v2\/posts\/133917\/revisions\/133921"}],"wp:featuredmedia":[{"embeddable":true,"href":"https:\/\/vinasfm.com\/noticias\/wp-json\/wp\/v2\/media\/133918"}],"wp:attachment":[{"href":"https:\/\/vinasfm.com\/noticias\/wp-json\/wp\/v2\/media?parent=133917"}],"wp:term":[{"taxonomy":"category","embeddable":true,"href":"https:\/\/vinasfm.com\/noticias\/wp-json\/wp\/v2\/categories?post=133917"},{"taxonomy":"post_tag","embeddable":true,"href":"https:\/\/vinasfm.com\/noticias\/wp-json\/wp\/v2\/tags?post=133917"}],"curies":[{"name":"wp","href":"https:\/\/api.w.org\/{rel}","templated":true}]}}