{"id":133911,"date":"2024-04-03T09:18:26","date_gmt":"2024-04-03T12:18:26","guid":{"rendered":"https:\/\/vinasfm.com\/noticias\/?p=133911"},"modified":"2024-04-04T09:23:08","modified_gmt":"2024-04-04T12:23:08","slug":"el-municipio-homenajeo-a-veteranos-y-caidos-en-malvinas-en-la-plaza-crucero-general-belgrano","status":"publish","type":"post","link":"https:\/\/vinasfm.com\/noticias\/el-municipio-homenajeo-a-veteranos-y-caidos-en-malvinas-en-la-plaza-crucero-general-belgrano\/","title":{"rendered":"EL MUNICIPIO HOMENAJEO A VETERANOS Y CA\u00cdDOS EN MALVINAS EN LA PLAZA CRUCERO GENERAL BELGRANO"},"content":{"rendered":"<p><strong>El Intendente Alejandro Molero encabez\u00f3 un emotivo acto en la Plaza \u201cCrucero General Belgrano\u201d, en conmemoraci\u00f3n de los ca\u00eddos y veteranos de la Guerra de las Malvinas.<\/strong><\/p>\n<p>Veteranos de guerra, familiares, autoridades y ciudadanos se unieron en un acto solemne para recordar a los ca\u00eddos, rendir homenaje a los h\u00e9roes que regresaron y mantener viva la llama de la memoria. Las banderas ondeaban con orgullo mientras las palabras de agradecimiento y respeto resonaban en la plaza del Barrio El cald\u00e9n.<\/p>\n<p>Hubo oratorias, descubrimiento de plaquetas y cuadros de reconocimiento aquellos que dieron su vida por la patria. Los rostros de ex combatientes y enfermeras que trabajaron en esa \u00e9poca reflejaban historias de coraje y camarader\u00eda, mientras las l\u00e1grimas compartidas expresaban un profundo sentido de p\u00e9rdida y gratitud.<\/p>\n<p><a href=\"https:\/\/vinasfm.com\/noticias\/wp-content\/uploads\/2024\/04\/WhatsApp-Image-2024-04-03-at-8.01.36-AM.jpeg\"><img loading=\"lazy\" decoding=\"async\" class=\"alignnone wp-image-133930\" src=\"https:\/\/vinasfm.com\/noticias\/wp-content\/uploads\/2024\/04\/WhatsApp-Image-2024-04-03-at-8.01.36-AM-1024x682.jpeg\" alt=\"\" width=\"400\" height=\"267\" srcset=\"https:\/\/vinasfm.com\/noticias\/wp-content\/uploads\/2024\/04\/WhatsApp-Image-2024-04-03-at-8.01.36-AM-1024x682.jpeg 1024w, https:\/\/vinasfm.com\/noticias\/wp-content\/uploads\/2024\/04\/WhatsApp-Image-2024-04-03-at-8.01.36-AM-300x200.jpeg 300w, https:\/\/vinasfm.com\/noticias\/wp-content\/uploads\/2024\/04\/WhatsApp-Image-2024-04-03-at-8.01.36-AM-768x512.jpeg 768w, https:\/\/vinasfm.com\/noticias\/wp-content\/uploads\/2024\/04\/WhatsApp-Image-2024-04-03-at-8.01.36-AM-1536x1023.jpeg 1536w, https:\/\/vinasfm.com\/noticias\/wp-content\/uploads\/2024\/04\/WhatsApp-Image-2024-04-03-at-8.01.36-AM.jpeg 1600w\" sizes=\"auto, (max-width: 400px) 100vw, 400px\" \/><\/a> <a href=\"https:\/\/vinasfm.com\/noticias\/wp-content\/uploads\/2024\/04\/WhatsApp-Image-2024-04-03-at-8.01.37-AM.jpeg\"><img loading=\"lazy\" decoding=\"async\" class=\"alignnone wp-image-133931\" src=\"https:\/\/vinasfm.com\/noticias\/wp-content\/uploads\/2024\/04\/WhatsApp-Image-2024-04-03-at-8.01.37-AM-1024x682.jpeg\" alt=\"\" width=\"400\" height=\"267\" srcset=\"https:\/\/vinasfm.com\/noticias\/wp-content\/uploads\/2024\/04\/WhatsApp-Image-2024-04-03-at-8.01.37-AM-1024x682.jpeg 1024w, https:\/\/vinasfm.com\/noticias\/wp-content\/uploads\/2024\/04\/WhatsApp-Image-2024-04-03-at-8.01.37-AM-300x200.jpeg 300w, https:\/\/vinasfm.com\/noticias\/wp-content\/uploads\/2024\/04\/WhatsApp-Image-2024-04-03-at-8.01.37-AM-768x512.jpeg 768w, https:\/\/vinasfm.com\/noticias\/wp-content\/uploads\/2024\/04\/WhatsApp-Image-2024-04-03-at-8.01.37-AM-1536x1023.jpeg 1536w, https:\/\/vinasfm.com\/noticias\/wp-content\/uploads\/2024\/04\/WhatsApp-Image-2024-04-03-at-8.01.37-AM.jpeg 1600w\" sizes=\"auto, (max-width: 400px) 100vw, 400px\" \/><\/a><\/p>\n<p>N\u00e9stor Sosa, vicepresidente del barrio, agradeci\u00f3 a las autoridades por elegir ese lugar para el acto y por dejar la plaza totalmente remodelada, <strong><em>\u201ces un verdadero gusto, un placer haberlos recibido a todos ac\u00e1. Para nosotros es un orgullo haber estado en nuestra plaza que ya venimos remodel\u00e1ndola, cambi\u00e1ndola; queremos agradecer a todas las autoridades que se han hecho presentes ayud\u00e1ndonos en este tiempo tan dif\u00edcil\u201d<\/em><\/strong>, dijo Sosa.<\/p>\n<p>El secretario de Gobierno Fabio G\u00f3mez Parra agradeci\u00f3 a los presentes, especialmente a los veteranos de Malvinas. Relat\u00f3 una historia personal sobre Mlavinas y marc\u00f3 la importancia de mantener viva la memoria de Malvinas y la responsabilidad de transmitirla a las nuevas generaciones.<\/p>\n<p>Destac\u00f3 la importancia de escuchar a los veteranos y mantener viva su historia. <em><strong>\u201cSe hace un llamado a mantener viva la memoria de Malvinas y a seguir reclamando la soberan\u00eda diplom\u00e1ticamente\u201d<\/strong><\/em>, concluy\u00f3.<\/p>\n<p><a href=\"https:\/\/vinasfm.com\/noticias\/wp-content\/uploads\/2024\/04\/WhatsApp-Image-2024-04-03-at-8.01.40-AM.jpeg\"><img loading=\"lazy\" decoding=\"async\" class=\"alignnone wp-image-133926\" src=\"https:\/\/vinasfm.com\/noticias\/wp-content\/uploads\/2024\/04\/WhatsApp-Image-2024-04-03-at-8.01.40-AM-1024x682.jpeg\" alt=\"\" width=\"500\" height=\"333\" srcset=\"https:\/\/vinasfm.com\/noticias\/wp-content\/uploads\/2024\/04\/WhatsApp-Image-2024-04-03-at-8.01.40-AM-1024x682.jpeg 1024w, https:\/\/vinasfm.com\/noticias\/wp-content\/uploads\/2024\/04\/WhatsApp-Image-2024-04-03-at-8.01.40-AM-300x200.jpeg 300w, https:\/\/vinasfm.com\/noticias\/wp-content\/uploads\/2024\/04\/WhatsApp-Image-2024-04-03-at-8.01.40-AM-768x512.jpeg 768w, https:\/\/vinasfm.com\/noticias\/wp-content\/uploads\/2024\/04\/WhatsApp-Image-2024-04-03-at-8.01.40-AM-1536x1023.jpeg 1536w, https:\/\/vinasfm.com\/noticias\/wp-content\/uploads\/2024\/04\/WhatsApp-Image-2024-04-03-at-8.01.40-AM.jpeg 1600w\" sizes=\"auto, (max-width: 500px) 100vw, 500px\" \/><\/a><\/p>\n<p>Tras a\u00f1os de luchar por mantener vivo el recuerdo de Malinas, Ricardo Chiapa se despidi\u00f3 de la Oficina Municipal de Veteranos de Malvinas. <strong><em>\u201cFueron muchos a\u00f1os de lucha por aquellos que quedaron en Malvinas y por nosotros que no terminamos de volver y a\u00fan llevamos un nudo en la garganta\u201d,<\/em><\/strong> expres\u00f3 entre l\u00e1grimas.<\/p>\n<p><strong><em>\u201cMalvinas duele\u201d<\/em><\/strong> remarc\u00f3 y record\u00f3 sus vivencias <strong><em>\u201ctuve soldados a mi cargo que siempre estuvieron dispuestos a luchar e incluso, en ocasiones, los ten\u00edamos que frenar\u201d.<\/em><\/strong> \u00a0\u201cLuchamos por mantener Malvinas y no pudimos, muchos chicos no volvieron pero hoy sabemos que ustedes van a seguir apoyando la causa\u201d, manifest\u00f3 el destacado Veterano Ricardo Chiapa.<\/p>\n<p>&nbsp;<\/p>\n","protected":false},"excerpt":{"rendered":"<p>El Intendente Alejandro Molero encabez\u00f3 un emotivo acto en la Plaza \u201cCrucero General Belgrano\u201d, en conmemoraci\u00f3n de los ca\u00eddos y veteranos &#8230;<\/p>\n","protected":false},"author":7,"featured_media":133925,"comment_status":"open","ping_status":"open","sticky":false,"template":"","format":"standard","meta":{"footnotes":""},"categories":[5,11],"tags":[],"class_list":["post-133911","post","type-post","status-publish","format-standard","has-post-thumbnail","hentry","category-actualidad","category-sociales"],"_links":{"self":[{"href":"https:\/\/vinasfm.com\/noticias\/wp-json\/wp\/v2\/posts\/133911","targetHints":{"allow":["GET"]}}],"collection":[{"href":"https:\/\/vinasfm.com\/noticias\/wp-json\/wp\/v2\/posts"}],"about":[{"href":"https:\/\/vinasfm.com\/noticias\/wp-json\/wp\/v2\/types\/post"}],"author":[{"embeddable":true,"href":"https:\/\/vinasfm.com\/noticias\/wp-json\/wp\/v2\/users\/7"}],"replies":[{"embeddable":true,"href":"https:\/\/vinasfm.com\/noticias\/wp-json\/wp\/v2\/comments?post=133911"}],"version-history":[{"count":4,"href":"https:\/\/vinasfm.com\/noticias\/wp-json\/wp\/v2\/posts\/133911\/revisions"}],"predecessor-version":[{"id":133932,"href":"https:\/\/vinasfm.com\/noticias\/wp-json\/wp\/v2\/posts\/133911\/revisions\/133932"}],"wp:featuredmedia":[{"embeddable":true,"href":"https:\/\/vinasfm.com\/noticias\/wp-json\/wp\/v2\/media\/133925"}],"wp:attachment":[{"href":"https:\/\/vinasfm.com\/noticias\/wp-json\/wp\/v2\/media?parent=133911"}],"wp:term":[{"taxonomy":"category","embeddable":true,"href":"https:\/\/vinasfm.com\/noticias\/wp-json\/wp\/v2\/categories?post=133911"},{"taxonomy":"post_tag","embeddable":true,"href":"https:\/\/vinasfm.com\/noticias\/wp-json\/wp\/v2\/tags?post=133911"}],"curies":[{"name":"wp","href":"https:\/\/api.w.org\/{rel}","templated":true}]}}