{"id":133898,"date":"2024-04-02T10:15:17","date_gmt":"2024-04-02T13:15:17","guid":{"rendered":"https:\/\/vinasfm.com\/noticias\/?p=133898"},"modified":"2024-04-03T12:16:56","modified_gmt":"2024-04-03T15:16:56","slug":"desde-abril-ir-al-medico-cuesta-mas-caro-y-se-define-un-nuevo-aumento-de-bioquimicos","status":"publish","type":"post","link":"https:\/\/vinasfm.com\/noticias\/desde-abril-ir-al-medico-cuesta-mas-caro-y-se-define-un-nuevo-aumento-de-bioquimicos\/","title":{"rendered":"DESDE ABRIL, IR AL M\u00c9DICO CUESTA M\u00c1S CARO Y SE DEFINE UN NUEVO AUMENTO DE BIOQU\u00cdMICOS"},"content":{"rendered":"<p><strong>Desde este lunes, el copago tiene un costo que ronda los 15 mil pesos. La consulta psiqui\u00e1trica tambi\u00e9n aument\u00f3 y el valor es de 21.500 pesos.<\/strong><\/p>\n<p>Es oficial: <strong>ir al m\u00e9dico cuesta un 10% m\u00e1s caro que en marzo.<\/strong>\u00a0anuncio fue dado a conocer por el titular del C\u00edrculo M\u00e9dico de Mendoza,\u00a0<strong>Jos\u00e9 Lodovico Palma<\/strong>, quien reconoci\u00f3 que desde abril el costo del coseguro pasa de 13.500 a 15.000 pesos.<\/p>\n<p>Cabe aclarar que esta cifra podr\u00e1 ser absorbida total o parcialmente por las obras sociales o prepagas. Si es parcial, el resto ser\u00e1 abonado por el paciente, algo que viene ocurriendo desde septiembre del 2023 y que ha hecho que las consultas hayan bajado un 20%, en promedio.<\/p>\n<p>Las entidades m\u00e9dicas firmantes sostienen que <strong><em>\u201cesta actualizaci\u00f3n es necesaria para asegurar la calidad de la atenci\u00f3n m\u00e9dica y garantizar la dignidad del trabajo profesional\u201d.<\/em><\/strong><\/p>\n<p>Asimismo, solicitaron a las entidades de la salud que contribuyan a solucionar los problemas de larga data que vienen afectando al sector m\u00e9dico, como la demora en los pagos y la falta de actualizaci\u00f3n de los aranceles.<\/p>\n<h2 id=\"h-la-situacion-de-los-bioquimicos\" class=\"wp-block-heading\">La situaci\u00f3n de los bioqu\u00edmicos<\/h2>\n<p>Respecto a la situaci\u00f3n con los <strong>bioqu\u00edmicos,<\/strong> las autoridades de la Asociaci\u00f3n de Bioqu\u00edmicos de Mendoza informaron que\u00a0<strong><em>\u201cest\u00e1n terminando las negociaciones con las obras sociales y prepagas para definir lo que se cobrar\u00e1 en abril\u201d.<\/em><\/strong><\/p>\n<p>Asimismo, aclararon que el 100% deber\u00eda ser absorbido por las entidades, no por el afiliado, todo depender\u00e1 del acuerdo entre ambas partes.<\/p>\n","protected":false},"excerpt":{"rendered":"<p>Desde este lunes, el copago tiene un costo que ronda los 15 mil pesos. La consulta psiqui\u00e1trica tambi\u00e9n aument\u00f3 y el &#8230;<\/p>\n","protected":false},"author":7,"featured_media":133899,"comment_status":"open","ping_status":"open","sticky":false,"template":"","format":"standard","meta":{"footnotes":""},"categories":[5,169],"tags":[],"class_list":["post-133898","post","type-post","status-publish","format-standard","has-post-thumbnail","hentry","category-actualidad","category-aumentos"],"_links":{"self":[{"href":"https:\/\/vinasfm.com\/noticias\/wp-json\/wp\/v2\/posts\/133898","targetHints":{"allow":["GET"]}}],"collection":[{"href":"https:\/\/vinasfm.com\/noticias\/wp-json\/wp\/v2\/posts"}],"about":[{"href":"https:\/\/vinasfm.com\/noticias\/wp-json\/wp\/v2\/types\/post"}],"author":[{"embeddable":true,"href":"https:\/\/vinasfm.com\/noticias\/wp-json\/wp\/v2\/users\/7"}],"replies":[{"embeddable":true,"href":"https:\/\/vinasfm.com\/noticias\/wp-json\/wp\/v2\/comments?post=133898"}],"version-history":[{"count":1,"href":"https:\/\/vinasfm.com\/noticias\/wp-json\/wp\/v2\/posts\/133898\/revisions"}],"predecessor-version":[{"id":133900,"href":"https:\/\/vinasfm.com\/noticias\/wp-json\/wp\/v2\/posts\/133898\/revisions\/133900"}],"wp:featuredmedia":[{"embeddable":true,"href":"https:\/\/vinasfm.com\/noticias\/wp-json\/wp\/v2\/media\/133899"}],"wp:attachment":[{"href":"https:\/\/vinasfm.com\/noticias\/wp-json\/wp\/v2\/media?parent=133898"}],"wp:term":[{"taxonomy":"category","embeddable":true,"href":"https:\/\/vinasfm.com\/noticias\/wp-json\/wp\/v2\/categories?post=133898"},{"taxonomy":"post_tag","embeddable":true,"href":"https:\/\/vinasfm.com\/noticias\/wp-json\/wp\/v2\/tags?post=133898"}],"curies":[{"name":"wp","href":"https:\/\/api.w.org\/{rel}","templated":true}]}}