{"id":133890,"date":"2024-04-02T09:55:36","date_gmt":"2024-04-02T12:55:36","guid":{"rendered":"https:\/\/vinasfm.com\/noticias\/?p=133890"},"modified":"2024-04-03T10:28:33","modified_gmt":"2024-04-03T13:28:33","slug":"dos-nuevos-siniestros-viales-tuvieron-lugar-en-la-jornada-del-domingo","status":"publish","type":"post","link":"https:\/\/vinasfm.com\/noticias\/dos-nuevos-siniestros-viales-tuvieron-lugar-en-la-jornada-del-domingo\/","title":{"rendered":"DOS NUEVOS SINIESTROS VIALES TUVIERON LUGAR EN LA JORNADA DEL DOMINGO"},"content":{"rendered":"<p><span style=\"color: #000000;\"><strong>En ninguno de los casos hubo que lamentar heridos de gravedad.<\/strong><\/span><\/p>\n<p><span style=\"color: #000000;\"><strong>En horas de la madrugada, en calle 10 entre D y E<\/strong>, se produjo un siniestro protagonizado por 2 veh\u00edculos. Una camioneta Peugeot 505, que circulaba por calle 10 de sur a norte arrib\u00f3 a un domicilio particular y al momento de girar para ingresar al mismo no observa que en direcci\u00f3n contraria (de norte a sur circulaba) una moto con tres ocupantes, tras el impacto resultaron lesionados los tres sujetos que ven\u00edan en la misma,<strong> un mayor y dos menores de edad; uno de ellos sufriendo lesiones de consideraci\u00f3n en uno de sus miembros inferiores<\/strong>. En tanto que el <strong>conductor de la moto, conduc\u00eda bajo los efectos del alcohol.<\/strong><\/span><\/p>\n<p><a href=\"https:\/\/vinasfm.com\/noticias\/wp-content\/uploads\/2024\/04\/WhatsApp-Image-2024-04-02-at-09.54.16.jpeg\"><img loading=\"lazy\" decoding=\"async\" class=\"alignnone wp-image-133891\" src=\"https:\/\/vinasfm.com\/noticias\/wp-content\/uploads\/2024\/04\/WhatsApp-Image-2024-04-02-at-09.54.16.jpeg\" alt=\"\" width=\"500\" height=\"287\" srcset=\"https:\/\/vinasfm.com\/noticias\/wp-content\/uploads\/2024\/04\/WhatsApp-Image-2024-04-02-at-09.54.16.jpeg 773w, https:\/\/vinasfm.com\/noticias\/wp-content\/uploads\/2024\/04\/WhatsApp-Image-2024-04-02-at-09.54.16-300x172.jpeg 300w, https:\/\/vinasfm.com\/noticias\/wp-content\/uploads\/2024\/04\/WhatsApp-Image-2024-04-02-at-09.54.16-768x440.jpeg 768w\" sizes=\"auto, (max-width: 500px) 100vw, 500px\" \/><\/a><\/p>\n<p><span style=\"color: #000000;\">El segundo hecho ocurru\u00f3 en horas de la tarde, siendo las 13.30 aproximadamente. <strong>En Ruta 143<\/strong>, a la altura de Real del Padre, con direcci\u00f3n de oeste a este circulaba una camioneta <strong>Chevrolet S10, la cual de forma imprevista se cruz\u00f3 de carril, impactando con una camioneta Fiat Ducato<\/strong>, que viajaba en direcci\u00f3n contraria resultando con lesiones de car\u00e1cter leve un ocupante de cada uno de los veh\u00edculos.<\/span><\/p>\n<p>&nbsp;<\/p>\n","protected":false},"excerpt":{"rendered":"<p>En ninguno de los casos hubo que lamentar heridos de gravedad. En horas de la madrugada, en calle 10 entre D &#8230;<\/p>\n","protected":false},"author":7,"featured_media":125434,"comment_status":"open","ping_status":"open","sticky":false,"template":"","format":"standard","meta":{"footnotes":""},"categories":[5,4],"tags":[],"class_list":["post-133890","post","type-post","status-publish","format-standard","has-post-thumbnail","hentry","category-actualidad","category-policiales"],"_links":{"self":[{"href":"https:\/\/vinasfm.com\/noticias\/wp-json\/wp\/v2\/posts\/133890","targetHints":{"allow":["GET"]}}],"collection":[{"href":"https:\/\/vinasfm.com\/noticias\/wp-json\/wp\/v2\/posts"}],"about":[{"href":"https:\/\/vinasfm.com\/noticias\/wp-json\/wp\/v2\/types\/post"}],"author":[{"embeddable":true,"href":"https:\/\/vinasfm.com\/noticias\/wp-json\/wp\/v2\/users\/7"}],"replies":[{"embeddable":true,"href":"https:\/\/vinasfm.com\/noticias\/wp-json\/wp\/v2\/comments?post=133890"}],"version-history":[{"count":2,"href":"https:\/\/vinasfm.com\/noticias\/wp-json\/wp\/v2\/posts\/133890\/revisions"}],"predecessor-version":[{"id":133939,"href":"https:\/\/vinasfm.com\/noticias\/wp-json\/wp\/v2\/posts\/133890\/revisions\/133939"}],"wp:featuredmedia":[{"embeddable":true,"href":"https:\/\/vinasfm.com\/noticias\/wp-json\/wp\/v2\/media\/125434"}],"wp:attachment":[{"href":"https:\/\/vinasfm.com\/noticias\/wp-json\/wp\/v2\/media?parent=133890"}],"wp:term":[{"taxonomy":"category","embeddable":true,"href":"https:\/\/vinasfm.com\/noticias\/wp-json\/wp\/v2\/categories?post=133890"},{"taxonomy":"post_tag","embeddable":true,"href":"https:\/\/vinasfm.com\/noticias\/wp-json\/wp\/v2\/tags?post=133890"}],"curies":[{"name":"wp","href":"https:\/\/api.w.org\/{rel}","templated":true}]}}