{"id":133791,"date":"2024-03-27T10:24:41","date_gmt":"2024-03-27T13:24:41","guid":{"rendered":"https:\/\/vinasfm.com\/noticias\/?p=133791"},"modified":"2024-03-29T10:32:35","modified_gmt":"2024-03-29T13:32:35","slug":"servicios-publicos-avanza-con-la-limpieza-en-varios-puntos-de-general-alvear","status":"publish","type":"post","link":"https:\/\/vinasfm.com\/noticias\/servicios-publicos-avanza-con-la-limpieza-en-varios-puntos-de-general-alvear\/","title":{"rendered":"SERVICIOS P\u00daBLICOS AVANZA CON LA LIMPIEZA EN VARIOS PUNTOS DE GENERAL ALVEAR"},"content":{"rendered":"<p><span style=\"color: #000000;\"><strong>La Direcci\u00f3n de Servicios P\u00fablicos lleva adelante un plan de limpieza paralelamente en diferentes puntos del departamento.<\/strong><\/span><\/p>\n<p><span style=\"color: #000000;\">Mauricio Mart\u00ednez, Director de Servicios P\u00fablicos dijo <strong><em>\u201cestamos trabajando en varios puntos de la Ciudad, hay una cuadrilla en el B\u00b0 San Carlos, la otra en el sector de calle Uspallata, tambi\u00e9n otra cuadrilla est\u00e1 en el B\u00b0 El Cald\u00e9n y B\u00b0 Pelegrini\u201d.<\/em><\/strong><\/span><\/p>\n<p><span style=\"color: #000000;\">Por otro lado,<strong><em> \u201cavanzaremos en algunos lugares que nos falta realizar la poda y continuamos con limpieza de cunetas y de malezas en diferentes puntos. Para este fin de semana largo la recolecci\u00f3n de residuos ser\u00e1 el Tipo B el d\u00eda jueves, s\u00e1bado y martes, mientras que el Tipo A se recolectar\u00e1 el jueves, s\u00e1bado y lunes, lo que pedimos a los vecinos es lo de siempre, que saquen los residuos los d\u00edas que pasa el cami\u00f3n\u201d.<\/em><\/strong><\/span><\/p>\n<p><span style=\"color: #000000;\">Estela, vecina del B\u00b0 Pellegrini expres\u00f3 <em><strong>\u201cestoy contenta porque es la primera vez que limpian as\u00ed profundamente, el problema es que el agua en las acequias viene muy sucia, con botellas, cartones, as\u00ed que estamos muy agradecidos\u201d.<\/strong><\/em><\/span><\/p>\n<p><span style=\"color: #000000;\">Oscar, vecino del B\u00b0 Pellegrini dijo <em><strong>\u201cla limpieza, as\u00ed como est\u00e1n haciendo ahora es la primera vez, pero creo que los vecinos tambi\u00e9n tienen que colaborar en limpiar la acequia porque yo limpio mi parte, mi vecino tambi\u00e9n pero cuando viene el agua arrastra la basura de otros frentistas que no hacen nada\u201d.<\/strong><\/em><\/span><\/p>\n<p><span style=\"color: #000000;\">Mar\u00eda de los \u00c1ngeles, personal de Servicios P\u00fablicos coment\u00f3 <em><strong>\u201clo que hacemos es limpiar muy bien las cunetas, sacamos todas las malezas, las botellas las embolsamos, raspamos el barro que tienen. Los vecinos nos reciben muy bien\u201d.<\/strong><\/em><\/span><\/p>\n","protected":false},"excerpt":{"rendered":"<p>La Direcci\u00f3n de Servicios P\u00fablicos lleva adelante un plan de limpieza paralelamente en diferentes puntos del departamento. Mauricio Mart\u00ednez, Director de &#8230;<\/p>\n","protected":false},"author":7,"featured_media":133792,"comment_status":"open","ping_status":"open","sticky":false,"template":"","format":"standard","meta":{"footnotes":""},"categories":[5,68],"tags":[],"class_list":["post-133791","post","type-post","status-publish","format-standard","has-post-thumbnail","hentry","category-actualidad","category-servicios"],"_links":{"self":[{"href":"https:\/\/vinasfm.com\/noticias\/wp-json\/wp\/v2\/posts\/133791","targetHints":{"allow":["GET"]}}],"collection":[{"href":"https:\/\/vinasfm.com\/noticias\/wp-json\/wp\/v2\/posts"}],"about":[{"href":"https:\/\/vinasfm.com\/noticias\/wp-json\/wp\/v2\/types\/post"}],"author":[{"embeddable":true,"href":"https:\/\/vinasfm.com\/noticias\/wp-json\/wp\/v2\/users\/7"}],"replies":[{"embeddable":true,"href":"https:\/\/vinasfm.com\/noticias\/wp-json\/wp\/v2\/comments?post=133791"}],"version-history":[{"count":1,"href":"https:\/\/vinasfm.com\/noticias\/wp-json\/wp\/v2\/posts\/133791\/revisions"}],"predecessor-version":[{"id":133793,"href":"https:\/\/vinasfm.com\/noticias\/wp-json\/wp\/v2\/posts\/133791\/revisions\/133793"}],"wp:featuredmedia":[{"embeddable":true,"href":"https:\/\/vinasfm.com\/noticias\/wp-json\/wp\/v2\/media\/133792"}],"wp:attachment":[{"href":"https:\/\/vinasfm.com\/noticias\/wp-json\/wp\/v2\/media?parent=133791"}],"wp:term":[{"taxonomy":"category","embeddable":true,"href":"https:\/\/vinasfm.com\/noticias\/wp-json\/wp\/v2\/categories?post=133791"},{"taxonomy":"post_tag","embeddable":true,"href":"https:\/\/vinasfm.com\/noticias\/wp-json\/wp\/v2\/tags?post=133791"}],"curies":[{"name":"wp","href":"https:\/\/api.w.org\/{rel}","templated":true}]}}