{"id":133772,"date":"2024-03-27T09:45:52","date_gmt":"2024-03-27T12:45:52","guid":{"rendered":"https:\/\/vinasfm.com\/noticias\/?p=133772"},"modified":"2024-03-28T09:50:02","modified_gmt":"2024-03-28T12:50:02","slug":"fue-un-exito-la-5-expo-de-autos-antiguos","status":"publish","type":"post","link":"https:\/\/vinasfm.com\/noticias\/fue-un-exito-la-5-expo-de-autos-antiguos\/","title":{"rendered":"FUE UN \u00c9XITO LA 5\u00b0 EXPO DE AUTOS ANTIGUOS"},"content":{"rendered":"<p><strong>Declarado de inter\u00e9s social, cultural y tur\u00edstico por el Honorable Concejo Deliberante, el evento propuesto por cava reuni\u00f3 a decenas de aficionados a las reliquias sobre ruedas. <\/strong><\/p>\n<p>La 5\u00b0 Expo de Autos Antiguos se realiz\u00f3 durante los d\u00edas 22, 23 y 24 de marzo, en esta oportunidad las brillantes y sorprendentes carrocer\u00edas estuvieron expuestas para el deleite de los alvearenses y visitantes. Daniel Platero, presidente del Club Alvearense de Autos Antiguos, <strong><em>\u201ctodos los que participaron quedaron plenamente conformes con el evento lo que nos obliga a mantener la calidad para una pr\u00f3xima edici\u00f3n\u201d<\/em><\/strong>, adem\u00e1s destac\u00f3 la colaboraci\u00f3n desinteresada del Municipio y comerciantes.<\/p>\n<p><img loading=\"lazy\" decoding=\"async\" class=\"\" src=\"https:\/\/scontent.fmdz10-1.fna.fbcdn.net\/v\/t39.30808-6\/434149001_809463511228130_4036312661256733034_n.jpg?stp=cp6_dst-jpg&amp;_nc_cat=104&amp;ccb=1-7&amp;_nc_sid=5f2048&amp;_nc_ohc=YLxNXmMnmAQAX-FkFvP&amp;_nc_ht=scontent.fmdz10-1.fna&amp;cb_e2o_trans=t&amp;oh=00_AfBCuUrFPg920toITLIGuRgmwxaldYdFpQFgWnP7gWZVhw&amp;oe=6608A334\" alt=\"Puede ser una imagen de 5 personas y texto\" width=\"406\" height=\"279\" \/> <img loading=\"lazy\" decoding=\"async\" class=\"\" src=\"https:\/\/scontent.fmdz10-1.fna.fbcdn.net\/v\/t39.30808-6\/434187839_809463527894795_8714880650985351978_n.jpg?stp=cp6_dst-jpg&amp;_nc_cat=108&amp;ccb=1-7&amp;_nc_sid=5f2048&amp;_nc_ohc=sjhpF3Zyiy0AX_PowlU&amp;_nc_ht=scontent.fmdz10-1.fna&amp;cb_e2o_trans=t&amp;oh=00_AfBkMqGQ1FnXQXGYY2nd5CukDutGFmHCxTU7R79tiGNyTQ&amp;oe=660924EC\" alt=\"Puede ser una imagen de texto que dice &quot;DELIBERANTE CONCEJO EL HONORABLE ORDENANZA DE LA SOCIAL TURISTICO 4846\/2024, LA: DECLARA TRAV\u00c9S CULTURAL, DE INTER\u00c9S EXPOSICION DE AUTOS Y MOTOS SUCESIVAS ALVEARENSEDE (CAVA). 5\u00b0 CL\u00c1SICAS CLUB POR EL ANTIGUOS ORGANIZADO LOS VEH\u00cdCULO CONCEJO bienC RCA PTEO Mendoza 23 de Marzo 2024 Alvear General&quot;\" width=\"416\" height=\"278\" \/><\/p>\n<p>Durante esta edici\u00f3n tambi\u00e9n se logr\u00f3 inaugurara la sede oficial de CAVA, <strong><em>\u201ces un logro muy importante para nosotros porque ahora tenemos la posibilidad de reunirnos y resguardad distintos veh\u00edculo\u201d,<\/em><\/strong> manifest\u00f3 Platero. La sede se encuentra ubicada en la calle Bernardo de Irigoyen al 350 y permitir\u00e1 la realizaci\u00f3n de un sinf\u00edn de actividades.<\/p>\n<p><strong><em>\u201cAhora comenzamos los preparativos para la Carrera de Regularidad que tendr\u00e1 lugar en la segunda mitad del a\u00f1o\u201d<\/em><\/strong>, expuso Daniel Platero y subray\u00f3 <strong><em>\u201clos visitantes y dem\u00e1s interesados entendieron que el enorme trabajo en equipo que realiza CAVA rinde frutos\u201d.<\/em><\/strong><\/p>\n<p><a href=\"https:\/\/vinasfm.com\/noticias\/wp-content\/uploads\/2024\/03\/6c7e371e-5d3c-447d-970b-fe23b5eafec3.jpg\"><img loading=\"lazy\" decoding=\"async\" class=\"alignnone wp-image-133774\" src=\"https:\/\/vinasfm.com\/noticias\/wp-content\/uploads\/2024\/03\/6c7e371e-5d3c-447d-970b-fe23b5eafec3-1024x683.jpg\" alt=\"\" width=\"400\" height=\"267\" srcset=\"https:\/\/vinasfm.com\/noticias\/wp-content\/uploads\/2024\/03\/6c7e371e-5d3c-447d-970b-fe23b5eafec3-1024x683.jpg 1024w, https:\/\/vinasfm.com\/noticias\/wp-content\/uploads\/2024\/03\/6c7e371e-5d3c-447d-970b-fe23b5eafec3-300x200.jpg 300w, https:\/\/vinasfm.com\/noticias\/wp-content\/uploads\/2024\/03\/6c7e371e-5d3c-447d-970b-fe23b5eafec3-768x512.jpg 768w, https:\/\/vinasfm.com\/noticias\/wp-content\/uploads\/2024\/03\/6c7e371e-5d3c-447d-970b-fe23b5eafec3.jpg 1200w\" sizes=\"auto, (max-width: 400px) 100vw, 400px\" \/><\/a> <a href=\"https:\/\/vinasfm.com\/noticias\/wp-content\/uploads\/2024\/03\/80afd9d3-0069-4872-8274-c4cf9687ee2a.jpg\">\u00a0<img loading=\"lazy\" decoding=\"async\" class=\"alignnone wp-image-133775\" src=\"https:\/\/vinasfm.com\/noticias\/wp-content\/uploads\/2024\/03\/80afd9d3-0069-4872-8274-c4cf9687ee2a-1024x683.jpg\" alt=\"\" width=\"400\" height=\"267\" srcset=\"https:\/\/vinasfm.com\/noticias\/wp-content\/uploads\/2024\/03\/80afd9d3-0069-4872-8274-c4cf9687ee2a-1024x683.jpg 1024w, https:\/\/vinasfm.com\/noticias\/wp-content\/uploads\/2024\/03\/80afd9d3-0069-4872-8274-c4cf9687ee2a-300x200.jpg 300w, https:\/\/vinasfm.com\/noticias\/wp-content\/uploads\/2024\/03\/80afd9d3-0069-4872-8274-c4cf9687ee2a-768x512.jpg 768w, https:\/\/vinasfm.com\/noticias\/wp-content\/uploads\/2024\/03\/80afd9d3-0069-4872-8274-c4cf9687ee2a.jpg 1200w\" sizes=\"auto, (max-width: 400px) 100vw, 400px\" \/><\/a><\/p>\n<p><a href=\"https:\/\/vinasfm.com\/noticias\/wp-content\/uploads\/2024\/03\/WhatsApp-Image-2024-03-25-at-9.08.10-AM-1.jpeg\"><img loading=\"lazy\" decoding=\"async\" class=\"alignnone wp-image-133776\" src=\"https:\/\/vinasfm.com\/noticias\/wp-content\/uploads\/2024\/03\/WhatsApp-Image-2024-03-25-at-9.08.10-AM-1-1024x683.jpeg\" alt=\"\" width=\"400\" height=\"267\" srcset=\"https:\/\/vinasfm.com\/noticias\/wp-content\/uploads\/2024\/03\/WhatsApp-Image-2024-03-25-at-9.08.10-AM-1-1024x683.jpeg 1024w, https:\/\/vinasfm.com\/noticias\/wp-content\/uploads\/2024\/03\/WhatsApp-Image-2024-03-25-at-9.08.10-AM-1-300x200.jpeg 300w, https:\/\/vinasfm.com\/noticias\/wp-content\/uploads\/2024\/03\/WhatsApp-Image-2024-03-25-at-9.08.10-AM-1-768x512.jpeg 768w, https:\/\/vinasfm.com\/noticias\/wp-content\/uploads\/2024\/03\/WhatsApp-Image-2024-03-25-at-9.08.10-AM-1.jpeg 1200w\" sizes=\"auto, (max-width: 400px) 100vw, 400px\" \/><\/a> <a href=\"https:\/\/vinasfm.com\/noticias\/wp-content\/uploads\/2024\/03\/WhatsApp-Image-2024-03-25-at-9.08.16-AM.jpeg\">\u00a0<img loading=\"lazy\" decoding=\"async\" class=\"alignnone wp-image-133777\" src=\"https:\/\/vinasfm.com\/noticias\/wp-content\/uploads\/2024\/03\/WhatsApp-Image-2024-03-25-at-9.08.16-AM-1024x683.jpeg\" alt=\"\" width=\"400\" height=\"267\" srcset=\"https:\/\/vinasfm.com\/noticias\/wp-content\/uploads\/2024\/03\/WhatsApp-Image-2024-03-25-at-9.08.16-AM-1024x683.jpeg 1024w, https:\/\/vinasfm.com\/noticias\/wp-content\/uploads\/2024\/03\/WhatsApp-Image-2024-03-25-at-9.08.16-AM-300x200.jpeg 300w, https:\/\/vinasfm.com\/noticias\/wp-content\/uploads\/2024\/03\/WhatsApp-Image-2024-03-25-at-9.08.16-AM-768x512.jpeg 768w, https:\/\/vinasfm.com\/noticias\/wp-content\/uploads\/2024\/03\/WhatsApp-Image-2024-03-25-at-9.08.16-AM.jpeg 1200w\" sizes=\"auto, (max-width: 400px) 100vw, 400px\" \/><\/a><\/p>\n","protected":false},"excerpt":{"rendered":"<p>Declarado de inter\u00e9s social, cultural y tur\u00edstico por el Honorable Concejo Deliberante, el evento propuesto por cava reuni\u00f3 a decenas de &#8230;<\/p>\n","protected":false},"author":7,"featured_media":133773,"comment_status":"open","ping_status":"open","sticky":false,"template":"","format":"standard","meta":{"footnotes":""},"categories":[5,11],"tags":[],"class_list":["post-133772","post","type-post","status-publish","format-standard","has-post-thumbnail","hentry","category-actualidad","category-sociales"],"_links":{"self":[{"href":"https:\/\/vinasfm.com\/noticias\/wp-json\/wp\/v2\/posts\/133772","targetHints":{"allow":["GET"]}}],"collection":[{"href":"https:\/\/vinasfm.com\/noticias\/wp-json\/wp\/v2\/posts"}],"about":[{"href":"https:\/\/vinasfm.com\/noticias\/wp-json\/wp\/v2\/types\/post"}],"author":[{"embeddable":true,"href":"https:\/\/vinasfm.com\/noticias\/wp-json\/wp\/v2\/users\/7"}],"replies":[{"embeddable":true,"href":"https:\/\/vinasfm.com\/noticias\/wp-json\/wp\/v2\/comments?post=133772"}],"version-history":[{"count":1,"href":"https:\/\/vinasfm.com\/noticias\/wp-json\/wp\/v2\/posts\/133772\/revisions"}],"predecessor-version":[{"id":133779,"href":"https:\/\/vinasfm.com\/noticias\/wp-json\/wp\/v2\/posts\/133772\/revisions\/133779"}],"wp:featuredmedia":[{"embeddable":true,"href":"https:\/\/vinasfm.com\/noticias\/wp-json\/wp\/v2\/media\/133773"}],"wp:attachment":[{"href":"https:\/\/vinasfm.com\/noticias\/wp-json\/wp\/v2\/media?parent=133772"}],"wp:term":[{"taxonomy":"category","embeddable":true,"href":"https:\/\/vinasfm.com\/noticias\/wp-json\/wp\/v2\/categories?post=133772"},{"taxonomy":"post_tag","embeddable":true,"href":"https:\/\/vinasfm.com\/noticias\/wp-json\/wp\/v2\/tags?post=133772"}],"curies":[{"name":"wp","href":"https:\/\/api.w.org\/{rel}","templated":true}]}}