{"id":133728,"date":"2024-03-26T09:29:18","date_gmt":"2024-03-26T12:29:18","guid":{"rendered":"https:\/\/vinasfm.com\/noticias\/?p=133728"},"modified":"2024-03-27T09:57:02","modified_gmt":"2024-03-27T12:57:02","slug":"el-ciclo-musica-clasica-por-los-caminos-del-vino-llega-a-general-alvear","status":"publish","type":"post","link":"https:\/\/vinasfm.com\/noticias\/el-ciclo-musica-clasica-por-los-caminos-del-vino-llega-a-general-alvear\/","title":{"rendered":"EL CICLO \u201cM\u00daSICA CL\u00c1SICA POR LOS CAMINOS DEL VINO\u201d LLEGA A GENERAL ALVEAR"},"content":{"rendered":"<p><span style=\"color: #000000;\"><strong>La bodega Cavas del Artesano ser\u00e1 el escenario en General Alvear y contar\u00e1 con la actuaci\u00f3n el guitarrista Nahuel Romero. <\/strong><\/span><\/p>\n<p><span style=\"color: #000000;\">M\u00fasica Cl\u00e1sica por los Caminos del Vino, a lo largo de los a\u00f1os, se consolid\u00f3 como uno de los encuentros culturales m\u00e1s importantes de la provincia, recorriendo teatros, iglesias, museos, bodegas, parques, reservas naturales, jardines y vi\u00f1edos de toda la provincia.<\/span><\/p>\n<p><span style=\"color: #000000;\">Carlos Weiner, director de la Zona Sur del EMETUR, se\u00f1al\u00f3 que <strong><em>\u201csiempre se busca llegar hasta los 18 departamentos con este propuesta musical, ahora tambi\u00e9n nos extenderemos hasta las provincias de San Luis y San Juan ya que tambi\u00e9n son zonas vitivin\u00edcolas y cuyanas\u201d.<\/em><\/strong><\/span><\/p>\n<p><a href=\"https:\/\/vinasfm.com\/noticias\/wp-content\/uploads\/2024\/03\/WhatsApp-Image-2024-03-26-at-9.11.17-AM.jpeg\"><img loading=\"lazy\" decoding=\"async\" class=\"alignnone size-medium wp-image-133729\" src=\"https:\/\/vinasfm.com\/noticias\/wp-content\/uploads\/2024\/03\/WhatsApp-Image-2024-03-26-at-9.11.17-AM-300x300.jpeg\" alt=\"\" width=\"300\" height=\"300\" srcset=\"https:\/\/vinasfm.com\/noticias\/wp-content\/uploads\/2024\/03\/WhatsApp-Image-2024-03-26-at-9.11.17-AM-300x300.jpeg 300w, https:\/\/vinasfm.com\/noticias\/wp-content\/uploads\/2024\/03\/WhatsApp-Image-2024-03-26-at-9.11.17-AM-1021x1024.jpeg 1021w, https:\/\/vinasfm.com\/noticias\/wp-content\/uploads\/2024\/03\/WhatsApp-Image-2024-03-26-at-9.11.17-AM-150x150.jpeg 150w, https:\/\/vinasfm.com\/noticias\/wp-content\/uploads\/2024\/03\/WhatsApp-Image-2024-03-26-at-9.11.17-AM-768x770.jpeg 768w, https:\/\/vinasfm.com\/noticias\/wp-content\/uploads\/2024\/03\/WhatsApp-Image-2024-03-26-at-9.11.17-AM-1532x1536.jpeg 1532w, https:\/\/vinasfm.com\/noticias\/wp-content\/uploads\/2024\/03\/WhatsApp-Image-2024-03-26-at-9.11.17-AM-360x360.jpeg 360w, https:\/\/vinasfm.com\/noticias\/wp-content\/uploads\/2024\/03\/WhatsApp-Image-2024-03-26-at-9.11.17-AM-750x750.jpeg 750w, https:\/\/vinasfm.com\/noticias\/wp-content\/uploads\/2024\/03\/WhatsApp-Image-2024-03-26-at-9.11.17-AM.jpeg 1596w\" sizes=\"auto, (max-width: 300px) 100vw, 300px\" \/><\/a><\/p>\n<p><span style=\"color: #000000;\">Todos los oto\u00f1os, coincidiendo con la celebraci\u00f3n de Semana Santa, podemos presenciar este milagro de creaci\u00f3n e interpretaci\u00f3n art\u00edstica, disfrutando adem\u00e1s de todo lo que ofrece Mendoza en materia enotur\u00edstica. Adem\u00e1s, este prestigioso festival musical de oto\u00f1o permite conocer a destacados m\u00fasicos mendocinos e invitados que hacen que Mendoza se invada de excelentes melod\u00edas.<\/span><\/p>\n<p><span style=\"color: #000000;\">En cuanto a la presentaci\u00f3n en General Alvear, el funcionario indic\u00f3 que <strong>\u201cse llevar\u00e1 a cabo en la bodega Cavas del Artesano y, si bien tendr\u00e1 entrada libre y gratuita, deber\u00e1n reservar entradas en la Direcci\u00f3n de Cultura del Municipio\u201d. \u00a0<\/strong>El objetivo de tener como escenario una empresa del sector privado es que todas las bodegas de la regi\u00f3n est\u00e9n presentes e impacten en la cultura mendocina.<\/span><\/p>\n<h2><strong>Programaci\u00f3n<\/strong><\/h2>\n<ul>\n<li><strong>Mi\u00e9rcoles 27<\/strong><\/li>\n<\/ul>\n<p>20.30 hs<\/p>\n<p>Bodega Cavas del Artesano, Ruta 188 entre calle 7 y 10, General Alvear<\/p>\n<p><em>Nahuel\u00a0 Romero. Solista guitarra<\/em><\/p>\n<p>Entrada gratuita por orden de llegada hasta agotar la capacidad del lugar<\/p>\n<ul>\n<li><strong>S\u00e1bado 30<\/strong><\/li>\n<\/ul>\n<p>19 hs<\/p>\n<p>Paseo Rawson, San Rafael<\/p>\n<p><em>Clarinet\u00edsticas D\u00fao<\/em><\/p>\n<p>Entrada gratuita por orden de llegada hasta agotar la capacidad del lugar<\/p>\n<ul>\n<li><strong>Domingo 31<\/strong><\/li>\n<\/ul>\n<p>20 hs<\/p>\n<p>Plaza Departamental, Malarg\u00fce<\/p>\n<p><em>Juan Molina, solista de guitarra<\/em><\/p>\n<p>Entrada gratuita por orden de llegada hasta agotar la capacidad del lugar<\/p>\n<p>20.30 hs<\/p>\n<p>ECA\u00a0 Sur Enrique Sobisch, KM 0 San Rafael<\/p>\n<p><em>D\u00fao Sonoras<\/em><\/p>\n<p>Entrada gratuita por orden de llegada hasta agotar la capacidad del lugar.<\/p>\n<p>21.15 hs<\/p>\n<p>Sal\u00f3n Cultural. Parroquia San Maximiliano Kolbe. 3 de Febrero 144. San Rafael<\/p>\n<p><em>Mendoza Piano and Winds<\/em><\/p>\n<p>Entrada gratuita por orden de llegada hasta agotar la capacidad del lugar<\/p>\n","protected":false},"excerpt":{"rendered":"<p>La bodega Cavas del Artesano ser\u00e1 el escenario en General Alvear y contar\u00e1 con la actuaci\u00f3n el guitarrista Nahuel Romero. M\u00fasica &#8230;<\/p>\n","protected":false},"author":7,"featured_media":133730,"comment_status":"open","ping_status":"open","sticky":false,"template":"","format":"standard","meta":{"footnotes":""},"categories":[5,19],"tags":[],"class_list":["post-133728","post","type-post","status-publish","format-standard","has-post-thumbnail","hentry","category-actualidad","category-cultura"],"_links":{"self":[{"href":"https:\/\/vinasfm.com\/noticias\/wp-json\/wp\/v2\/posts\/133728","targetHints":{"allow":["GET"]}}],"collection":[{"href":"https:\/\/vinasfm.com\/noticias\/wp-json\/wp\/v2\/posts"}],"about":[{"href":"https:\/\/vinasfm.com\/noticias\/wp-json\/wp\/v2\/types\/post"}],"author":[{"embeddable":true,"href":"https:\/\/vinasfm.com\/noticias\/wp-json\/wp\/v2\/users\/7"}],"replies":[{"embeddable":true,"href":"https:\/\/vinasfm.com\/noticias\/wp-json\/wp\/v2\/comments?post=133728"}],"version-history":[{"count":3,"href":"https:\/\/vinasfm.com\/noticias\/wp-json\/wp\/v2\/posts\/133728\/revisions"}],"predecessor-version":[{"id":133745,"href":"https:\/\/vinasfm.com\/noticias\/wp-json\/wp\/v2\/posts\/133728\/revisions\/133745"}],"wp:featuredmedia":[{"embeddable":true,"href":"https:\/\/vinasfm.com\/noticias\/wp-json\/wp\/v2\/media\/133730"}],"wp:attachment":[{"href":"https:\/\/vinasfm.com\/noticias\/wp-json\/wp\/v2\/media?parent=133728"}],"wp:term":[{"taxonomy":"category","embeddable":true,"href":"https:\/\/vinasfm.com\/noticias\/wp-json\/wp\/v2\/categories?post=133728"},{"taxonomy":"post_tag","embeddable":true,"href":"https:\/\/vinasfm.com\/noticias\/wp-json\/wp\/v2\/tags?post=133728"}],"curies":[{"name":"wp","href":"https:\/\/api.w.org\/{rel}","templated":true}]}}