{"id":133723,"date":"2024-03-26T08:15:01","date_gmt":"2024-03-26T11:15:01","guid":{"rendered":"https:\/\/vinasfm.com\/noticias\/?p=133723"},"modified":"2024-03-26T11:28:50","modified_gmt":"2024-03-26T14:28:50","slug":"rus-homenajeo-a-la-primera-mujer-policia-caida-en-servicio-al-cumplirse-25-anos-de-su-fallecimiento","status":"publish","type":"post","link":"https:\/\/vinasfm.com\/noticias\/rus-homenajeo-a-la-primera-mujer-policia-caida-en-servicio-al-cumplirse-25-anos-de-su-fallecimiento\/","title":{"rendered":"RUS HOMENAJE\u00d3 A LA PRIMERA MUJER POLIC\u00cdA CA\u00cdDA EN SERVICIO, AL CUMPLIRSE 25 A\u00d1OS DE SU FALLECIMIENTO"},"content":{"rendered":"<p><span style=\"color: #000000;\"><strong>Se trata de la oficial ayudante \u00c9rica Bercich, ca\u00edda en acto de servicio el 24 de marzo de 1999. En su honor se conmemora cada 14 de agosto el D\u00eda de la Mujer Polic\u00eda.<\/strong><\/span><\/p>\n<p><span style=\"color: #000000;\">La Ministra de Seguridad y Justicia, Mercedes Rus, homenajeo a la oficial ayudante <strong>\u00c9rica Bercich<\/strong>, al cumplirse 25 a\u00f1os de su fallecimiento. <strong>Fue la primera uniformada ca\u00edda en acto de servicio en el pa\u00eds y, en su honor, cada 14 de agosto se conmemora el D\u00eda de la Mujer Polic\u00eda.<\/strong><\/span><\/p>\n<p><span style=\"color: #000000;\">En un emotivo encuentro, el lunes, la funcionaria recibi\u00f3 en la cartera de Seguridad a los familiares de la uniformada, cuyo padre, Dante Bercich, es polic\u00eda retirado.<\/span><\/p>\n<p><span style=\"color: #000000;\">\u00c9rica ingres\u00f3 a la Polic\u00eda de Mendoza como agente del cuerpo auxiliar y cumpli\u00f3 funciones en la Direcci\u00f3n Judicial y en la secci\u00f3n de Dactiloscopia. Luego se inscribi\u00f3 en la Escuela de Polic\u00eda de General San Mart\u00edn, donde fue designada escolta de Bandera. En 1997 obtuvo el t\u00edtulo de Oficial Subayudante del cuerpo de comando y fue destinada a la Compa\u00f1\u00eda Motorizada.<\/span><\/p>\n<p><span style=\"color: #000000;\">Dos a\u00f1os m\u00e1s tarde, el 24 de marzo de 1999, \u00c9rica falleci\u00f3 mientras se desempe\u00f1aba como encargada de turno en el Servicio de la Compa\u00f1\u00eda Motorizada.<\/span><\/p>\n<p><strong><span style=\"color: #000000;\">Fue cerca de las 2 de ese d\u00eda cuando se dirig\u00eda a auxiliar a sus compa\u00f1eros que se encontraban en la Estaci\u00f3n Ferroviaria de Rodeo de la Cruz de Guaymall\u00e9n y el auto en el que viajaba perdi\u00f3 el dominio y choc\u00f3 contra un \u00e1rbol.<\/span><\/strong><\/p>\n<p><a href=\"https:\/\/vinasfm.com\/noticias\/wp-content\/uploads\/2024\/03\/MA2_0840-700x405-1.png\"><img loading=\"lazy\" decoding=\"async\" class=\"alignnone wp-image-133725\" src=\"https:\/\/vinasfm.com\/noticias\/wp-content\/uploads\/2024\/03\/MA2_0840-700x405-1.png\" alt=\"\" width=\"500\" height=\"289\" srcset=\"https:\/\/vinasfm.com\/noticias\/wp-content\/uploads\/2024\/03\/MA2_0840-700x405-1.png 700w, https:\/\/vinasfm.com\/noticias\/wp-content\/uploads\/2024\/03\/MA2_0840-700x405-1-300x174.png 300w\" sizes=\"auto, (max-width: 500px) 100vw, 500px\" \/><\/a><\/p>\n<h2><span style=\"color: #000000;\"><strong>D\u00eda de la Mujer Polic\u00eda<\/strong><\/span><\/h2>\n<p><span style=\"color: #000000;\">Desde 2018, cada 14 de agosto se conmemorar\u00e1 el D\u00eda de la Mujer Polic\u00eda en honor a la oficial ayudante \u00c9rica Beatriz Bercich.<\/span><\/p>\n<p><strong><span style=\"color: #000000;\">La fecha fue elegida en memoria al d\u00eda del nacimiento de la uniformada fallecida. Para la Polic\u00eda provincial, este d\u00eda representa un importante acontecimiento que reconoce a las mujeres que velan por el bien p\u00fablico de nuestra comunidad.<\/span><\/strong><\/p>\n<p><span style=\"color: #000000;\">Se instruy\u00f3 mediante la Ley 9087, que se sancion\u00f3 en agosto de 2018, tras un expediente cuya autora fue la senadora radical Daniela Garc\u00eda.<\/span><\/p>\n","protected":false},"excerpt":{"rendered":"<p>Se trata de la oficial ayudante \u00c9rica Bercich, ca\u00edda en acto de servicio el 24 de marzo de 1999. En su &#8230;<\/p>\n","protected":false},"author":7,"featured_media":133724,"comment_status":"open","ping_status":"open","sticky":false,"template":"","format":"standard","meta":{"footnotes":""},"categories":[5,10],"tags":[],"class_list":["post-133723","post","type-post","status-publish","format-standard","has-post-thumbnail","hentry","category-actualidad","category-destacadas"],"_links":{"self":[{"href":"https:\/\/vinasfm.com\/noticias\/wp-json\/wp\/v2\/posts\/133723","targetHints":{"allow":["GET"]}}],"collection":[{"href":"https:\/\/vinasfm.com\/noticias\/wp-json\/wp\/v2\/posts"}],"about":[{"href":"https:\/\/vinasfm.com\/noticias\/wp-json\/wp\/v2\/types\/post"}],"author":[{"embeddable":true,"href":"https:\/\/vinasfm.com\/noticias\/wp-json\/wp\/v2\/users\/7"}],"replies":[{"embeddable":true,"href":"https:\/\/vinasfm.com\/noticias\/wp-json\/wp\/v2\/comments?post=133723"}],"version-history":[{"count":1,"href":"https:\/\/vinasfm.com\/noticias\/wp-json\/wp\/v2\/posts\/133723\/revisions"}],"predecessor-version":[{"id":133726,"href":"https:\/\/vinasfm.com\/noticias\/wp-json\/wp\/v2\/posts\/133723\/revisions\/133726"}],"wp:featuredmedia":[{"embeddable":true,"href":"https:\/\/vinasfm.com\/noticias\/wp-json\/wp\/v2\/media\/133724"}],"wp:attachment":[{"href":"https:\/\/vinasfm.com\/noticias\/wp-json\/wp\/v2\/media?parent=133723"}],"wp:term":[{"taxonomy":"category","embeddable":true,"href":"https:\/\/vinasfm.com\/noticias\/wp-json\/wp\/v2\/categories?post=133723"},{"taxonomy":"post_tag","embeddable":true,"href":"https:\/\/vinasfm.com\/noticias\/wp-json\/wp\/v2\/tags?post=133723"}],"curies":[{"name":"wp","href":"https:\/\/api.w.org\/{rel}","templated":true}]}}