{"id":133686,"date":"2024-03-25T10:22:12","date_gmt":"2024-03-25T13:22:12","guid":{"rendered":"https:\/\/vinasfm.com\/noticias\/?p=133686"},"modified":"2024-03-25T10:22:12","modified_gmt":"2024-03-25T13:22:12","slug":"como-seran-las-subas-por-inflacion-para-las-jubilaciones-y-desde-cuando-regira-la-nueva-formula","status":"publish","type":"post","link":"https:\/\/vinasfm.com\/noticias\/como-seran-las-subas-por-inflacion-para-las-jubilaciones-y-desde-cuando-regira-la-nueva-formula\/","title":{"rendered":"C\u00d3MO SER\u00c1N LAS SUBAS POR INFLACI\u00d3N PARA LAS JUBILACIONES Y DESDE CU\u00c1NDO REGIR\u00c1 LA NUEVA F\u00d3RMULA"},"content":{"rendered":"<p class=\"com-subhead --bajada --m-xs-\"><span style=\"color: #000000;\"><strong>En abril habr\u00e1 un reajuste seg\u00fan el IPC de febrero m\u00e1s un adicional de 12,5%, con lo cual el haber m\u00ednimo quedar\u00eda en $171.216 y la m\u00e1xima, en $1.152.122; para quienes cobran el ingreso b\u00e1sico el bono, hoy de $70.000, se ir\u00eda diluyendo si no se modifica otra norma.<\/strong><\/span><\/p>\n<p class=\"com-paragraph  --capital --s\"><span style=\"color: #000000;\">Las jubilaciones y pensiones de la Anses se reajustar\u00e1n mensualmente a partir de ahora seg\u00fan la variaci\u00f3n registrada por el \u00cdndice de Precios al Consumidor (IPC) publicado por el Indec. El decreto de necesidad y urgencia (DNU) que lleva el n\u00famero 274 y que fue publicado a la medianoche en el Bolet\u00edn Oficial, establece que<strong>\u00a0la derogaci\u00f3n de actual f\u00f3rmula para los reajustes y su reemplazo por el uso del porcentaje de la inflaci\u00f3n de dos meses atr\u00e1s\u00a0<\/strong>son medidas que, en rigor, se har\u00e1n efectivas al iniciarse el segundo semestre del a\u00f1o, pero, a la vez, dispone un mecanismo de subas a cuenta, por el cual los ingresos de abril, mayo y junio tambi\u00e9n tendr\u00e1n reajuste por inflaci\u00f3n.<\/span><\/p>\n<p class=\"com-paragraph   --s\"><span style=\"color: #000000;\">Para la \u201ctransici\u00f3n\u201d entre una y otra modalidad de reajustes el DNU fija que con los ingresos de\u00a0<strong>abril\u00a0<\/strong>habr\u00e1\u00a0<strong>\u201cun incremento extraordinario equivalente al 12,5%\u201d,\u00a0<\/strong>calculado sobre los haberes de marzo, y, adem\u00e1s,\u00a0<strong>\u201cun adelanto de la movilidad correspondiente al mes de junio, que se aplicar\u00e1 sobre el resultado del apartado precedente\u201d\u00a0<\/strong>(es decir, sobre el haber de marzo ya agregado el plus de 12,5%).<\/span><\/p>\n<p class=\"com-paragraph   --s\"><span style=\"color: #000000;\">Pocas horas antes de la publicaci\u00f3n de la medida del Poder Ejecutivo en el Bolet\u00edn Oficial,<strong>\u00a0el ministro de Econom\u00eda, Luis Caputo<\/strong>, dijo en declaraciones <strong>que en abril se les dar\u00e1 a los ingresos previsionales una suba de 13,2% correspondiente a la inflaci\u00f3n de febrero<\/strong>\u00a0y un 12,5% adicional, adem\u00e1s del bono para quienes perciben el haber m\u00ednimo (que seguir\u00eda siendo de $70.000 mensuales). El viernes por la noche, en tanto, la Oficina del Presidente emiti\u00f3 un comunicado en el cual se especific\u00f3 que\u00a0<strong>\u201cdesde el mes de abril los jubilados argentinos cobrar\u00e1n con aumentos mensuales de acuerdo al \u00cdndice de Precios al Consumidor\u201d.<\/strong><\/span><\/p>\n<p class=\"com-paragraph   --s\"><span style=\"color: #000000;\">El DNU dispone que el mecanismo de reajustes mensuales por inflaci\u00f3n regir\u00e1 de manera directa desde julio, y aclara que el aumento que se otorgar\u00e1 en abril, mayo y junio ser\u00e1 seg\u00fan la inflaci\u00f3n de febrero, marzo y abril ser\u00e1n a cuenta del porcentaje que la f\u00f3rmula de movilidad actual determine para junio. Seg\u00fan hab\u00eda informado LA NACION, con la suba de 13,2% (por la inflaci\u00f3n de febrero) y otra de 12,5% (en compensaci\u00f3n parcial por la alta inflaci\u00f3n),<strong>\u00a0la jubilaci\u00f3n m\u00ednima pasar\u00e1 de $134.445,30 a $171.516, y la m\u00e1xima, de $904. 690 a $1.152.122.\u00a0<\/strong>El ministro Caputo sostuvo anoche que, efectivamente, el haber b\u00e1sico ser\u00e1 \u201cde $172.000\u2033<strong>.<\/strong><\/span><\/p>\n<h2 class=\"com-title --font-primary --xl --font-extra\"><span style=\"color: #000000;\">Haberes de mayo, junio y julio<\/span><\/h2>\n<p class=\"com-paragraph   --s\"><span style=\"color: #000000;\">Para<strong>\u00a0los ingresos de mayo,\u00a0<\/strong>el DNU establece que se otorgar\u00e1 otro anticipo de la movilidad que corresponda seg\u00fan la ley actual para junio.\u00a0<strong>Y en ese sexto mes del a\u00f1o se aplicar\u00e1 el porcentaje equivalente al IPC de abril.<\/strong><\/span><\/p>\n<p class=\"com-paragraph   --s\"><span style=\"color: #000000;\">Tambi\u00e9n se establece que, si el \u00edndice de la f\u00f3rmula prevista en la ley 27.609 (la que est\u00e1 vigente desde 2021) arroja para junio un resultado mayor a lo otorgado en concepto de anticipos (seg\u00fan lo explicado en los p\u00e1rrafos previos),\u00a0<strong>se pagar\u00e1 solo lo que haga falta para completar el porcentaje de la movilidad definido por ese c\u00e1lculo.\u00a0<\/strong>Y si, por el contrario, de la f\u00f3rmula resulta un \u00edndice mayor al del reajuste seg\u00fan la inflaci\u00f3n definido para abril, mayo y junio,\u00a0<strong>entonces no se descontar\u00e1 la diferencia<\/strong>\u00a0y el monto implicado quedar\u00e1 incorporado al haber.<\/span><\/p>\n<p class=\"com-paragraph   --s\"><span style=\"color: #000000;\">A partir de julio las actualizaciones se definir\u00e1n directamente<strong>\u00a0siguiendo la inflaci\u00f3n con dos meses de rezago.<\/strong>\u00a0Ese mes se considerar\u00e1 la variaci\u00f3n del \u00cdndice de Precios al Consumidor de mayo, en tanto que en agosto se tomar\u00e1 en cuenta la variaci\u00f3n de junio, y as\u00ed sucesivamente.<\/span><\/p>\n<p class=\"com-paragraph   --s\"><span style=\"color: #000000;\">La raz\u00f3n para que as\u00ed sea es que, al momento de iniciarse cada mes el calendario de pagos de las prestaciones a cargo de la Anses,<strong>\u00a0no se conoce todav\u00eda la variaci\u00f3n del \u00edndice de precios del per\u00edodo inmediato anterior.\u00a0<\/strong>Por ejemplo, el primer d\u00eda del actual mes de marzo comenzaron a abonarse las prestaciones no contributivas, en tanto que el 8 se inici\u00f3 el pago de los beneficios contributivos. Y la inflaci\u00f3n de febrero fue informada por el Indec el martes 12; por lo tanto, el \u00edndice que se conoc\u00eda cuando empezaron a hacerse los pagos era el correspondiente a enero. Y eso ocurre todos los meses.<\/span><\/p>\n<p class=\"com-paragraph   --s\"><span style=\"color: #000000;\">Seg\u00fan fuentes oficiales, el motivo por el que se dispuso el mecanismo de reajustes por inflaci\u00f3n considerados a cuenta para los pr\u00f3ximos tres meses es legal.\u00a0<strong>Se busca evitar la judicialidad,<\/strong>\u00a0ya que en junio, seg\u00fan la ley vigente hasta ahora, se debe otorgar un reajuste que compense lo ocurrido con los salarios y con la recaudaci\u00f3n de impuestos (los componentes de la f\u00f3rmula aprobada a fines de 2020) en el per\u00edodo de enero a marzo, que ya est\u00e1 transcurriendo y, de hecho pr\u00e1cticamente finalizando. De no instrumentarse una modalidad como la dispuesta en el DNU, se\u00f1alan en el Gobierno, podr\u00eda haber cuestionamientos por la retroactividad de la medida.<\/span><\/p>\n<h2 class=\"com-title --font-primary --xl --font-extra\"><span style=\"color: #000000;\">Los bonos<\/span><\/h2>\n<p class=\"com-paragraph   --s\"><span style=\"color: #000000;\">Con respecto al\u00a0<strong>bono para quienes tienen prestaciones m\u00e1s bajas,<\/strong>\u00a0el DNU no especifica nada. El jueves \u00faltimo, antes de que el Gobierno oficializara su decisi\u00f3n de modificar mediante un DNU la modalidad de las actualizaciones, se public\u00f3 en el Bolet\u00edn Oficial el decreto 268, que define que en abril se pagar\u00e1 una \u201cayuda econ\u00f3mica previsional\u201d de\u00a0<strong>$70.000 a quienes tengan prestaciones previsionales de hasta $134.445,30,\u00a0<\/strong>que es hasta este mes de marzo la cifra equivalente al haber m\u00ednimo. La norma tambi\u00e9n establece que habr\u00e1 un bono para quienes cobran m\u00e1s de $134.445,30 y hasta $204.445,30, que ser\u00e1 de un monto tal que se llegue a completar la segunda cifra.<\/span><\/p>\n<p class=\"com-paragraph   --s\"><span style=\"color: #000000;\">Si no se modifica esa normativa, quienes tienen el haber m\u00ednimo, que pasar\u00eda a ser de $171.216, percibir\u00edan un refuerzo, pero ya no de $70.000 como el del mes actual, sino de $33.229, que es el monto que hace falta para completar los $204.445,30.<\/span><\/p>\n","protected":false},"excerpt":{"rendered":"<p>En abril habr\u00e1 un reajuste seg\u00fan el IPC de febrero m\u00e1s un adicional de 12,5%, con lo cual el haber m\u00ednimo &#8230;<\/p>\n","protected":false},"author":7,"featured_media":133687,"comment_status":"open","ping_status":"open","sticky":false,"template":"","format":"standard","meta":{"footnotes":""},"categories":[1],"tags":[],"class_list":["post-133686","post","type-post","status-publish","format-standard","has-post-thumbnail","hentry","category-fmvinas"],"_links":{"self":[{"href":"https:\/\/vinasfm.com\/noticias\/wp-json\/wp\/v2\/posts\/133686","targetHints":{"allow":["GET"]}}],"collection":[{"href":"https:\/\/vinasfm.com\/noticias\/wp-json\/wp\/v2\/posts"}],"about":[{"href":"https:\/\/vinasfm.com\/noticias\/wp-json\/wp\/v2\/types\/post"}],"author":[{"embeddable":true,"href":"https:\/\/vinasfm.com\/noticias\/wp-json\/wp\/v2\/users\/7"}],"replies":[{"embeddable":true,"href":"https:\/\/vinasfm.com\/noticias\/wp-json\/wp\/v2\/comments?post=133686"}],"version-history":[{"count":1,"href":"https:\/\/vinasfm.com\/noticias\/wp-json\/wp\/v2\/posts\/133686\/revisions"}],"predecessor-version":[{"id":133688,"href":"https:\/\/vinasfm.com\/noticias\/wp-json\/wp\/v2\/posts\/133686\/revisions\/133688"}],"wp:featuredmedia":[{"embeddable":true,"href":"https:\/\/vinasfm.com\/noticias\/wp-json\/wp\/v2\/media\/133687"}],"wp:attachment":[{"href":"https:\/\/vinasfm.com\/noticias\/wp-json\/wp\/v2\/media?parent=133686"}],"wp:term":[{"taxonomy":"category","embeddable":true,"href":"https:\/\/vinasfm.com\/noticias\/wp-json\/wp\/v2\/categories?post=133686"},{"taxonomy":"post_tag","embeddable":true,"href":"https:\/\/vinasfm.com\/noticias\/wp-json\/wp\/v2\/tags?post=133686"}],"curies":[{"name":"wp","href":"https:\/\/api.w.org\/{rel}","templated":true}]}}