{"id":133622,"date":"2024-03-22T11:52:34","date_gmt":"2024-03-22T14:52:34","guid":{"rendered":"https:\/\/vinasfm.com\/noticias\/?p=133622"},"modified":"2024-03-22T11:52:34","modified_gmt":"2024-03-22T14:52:34","slug":"restriccion-de-camiones-en-rutas-nacionales-por-el-fin-de-semana","status":"publish","type":"post","link":"https:\/\/vinasfm.com\/noticias\/restriccion-de-camiones-en-rutas-nacionales-por-el-fin-de-semana\/","title":{"rendered":"RESTRICCI\u00d3N DE CAMIONES EN RUTAS NACIONALES POR EL FIN DE SEMANA"},"content":{"rendered":"<p style=\"text-align: left;\" align=\"center\"><span style=\"color: #000000;\"><strong>La Agencia Nacional de Seguridad Vial informa que desde esta tarde y hasta el domingo habr\u00e1 restricci\u00f3n de camiones en distintas rutas, horarios y sentidos<\/strong><\/span><\/p>\n<div align=\"center\">\n<p style=\"text-align: left;\"><span style=\"color: #000000;\">La\u00a0<b>Agencia Nacional de Seguridad Vial<\/b>\u00a0(ANSV) informa que este fin de semana, en diferentes horarios y sentidos, habr\u00e1 restricci\u00f3n de circulaci\u00f3n para camiones de m\u00e1s de 3.500 kilos en rutas nacionales y en los principales accesos al \u00c1rea Metropolitana de Buenos Aires (AMBA).<\/span><\/p>\n<p style=\"text-align: left;\"><span style=\"color: #000000;\">La restricci\u00f3n, que alcanza a m\u00e1s de 30 rutas y a las autopistas Bs. As.\u2013 La Plata, Riccheri, Acceso Oeste y Acceso Norte, ser\u00e1 a partir de esta tarde de 18 a 20:59 horas, ma\u00f1ana de 7 a 9:59 horas y el domingo de 18 a 20:59 horas.<\/span><\/p>\n<p style=\"text-align: left;\"><span style=\"color: #000000;\">Esta medida tiene como finalidad agilizar el tr\u00e1nsito entre veh\u00edculos livianos y prevenir congestionamientos y siniestros viales. En este sentido, la ANSV tambi\u00e9n resalta la importancia de que todos los conductores que circulen por los distintos caminos del pa\u00eds respeten las normas de tr\u00e1nsito y realicen una conducci\u00f3n responsable.<\/span><\/p>\n<p style=\"text-align: left;\"><span style=\"color: #000000;\">Adem\u00e1s, el organismo nacional recuerda la existencia de la L\u00ednea telef\u00f3nica 149 opci\u00f3n 2 para las personas que protagonicen un siniestro vial. Se trata de la\u00a0<b>Red Federal de Asistencia a V\u00edctimas de Siniestros Viales<\/b>, que funciona en todo el pa\u00eds durante las 24 horas. Este servicio acompa\u00f1a y asesora a las v\u00edctimas viales y a sus familiares en las instancias posteriores a la emergencia.<\/span><\/p>\n<p style=\"text-align: left;\"><span style=\"color: #000000;\"><b>Documentaci\u00f3n requerida para circular y elementos necesarios por eventualidades en el camino:<\/b><\/span><\/p>\n<ul>\n<li style=\"text-align: left;\"><span style=\"color: #000000;\">Documento Nacional de Identidad (DNI)<\/span><\/li>\n<li style=\"text-align: left;\"><span style=\"color: #000000;\">Licencia Nacional de Conducir.<\/span><\/li>\n<li style=\"text-align: left;\"><span style=\"color: #000000;\">C\u00e9dula verde o azul.<\/span><\/li>\n<li style=\"text-align: left;\"><span style=\"color: #000000;\">Comprobante de seguro en vigencia.<\/span><\/li>\n<li style=\"text-align: left;\"><span style=\"color: #000000;\">Constancia de Revisi\u00f3n T\u00e9cnica Obligatoria (RTO) o Verificaci\u00f3n T\u00e9cnica Vehicular (VTV).<\/span><\/li>\n<li style=\"text-align: left;\"><span style=\"color: #000000;\">Chapas patentes legibles, sin alteraciones y en buen estado.<\/span><\/li>\n<li style=\"text-align: left;\"><span style=\"color: #000000;\">Matafuegos con fecha vigente y balizas triangulares.<\/span><\/li>\n<\/ul>\n<\/div>\n<div align=\"center\">\n<p style=\"text-align: left;\"><i><span style=\"color: #000000;\">Rutas, fechas y horarios de la restricci\u00f3n:<\/span>\u00a0<a id=\"m_-4128038365148275441OWA0b54b9a4-765e-7e40-677e-930045d5de70\" href=\"https:\/\/www.argentina.gob.ar\/seguridadvial\/restriccion-de-camiones\/marzo-2024\" target=\"_blank\" rel=\"noopener\" data-saferedirecturl=\"https:\/\/www.google.com\/url?q=https:\/\/www.argentina.gob.ar\/seguridadvial\/restriccion-de-camiones\/marzo-2024&amp;source=gmail&amp;ust=1711205323497000&amp;usg=AOvVaw3bPiXGH4nIYbiqXxDO-dp1\">https:\/\/www.argentina.gob.ar\/<wbr \/>seguridadvial\/restriccion-de-<wbr \/>camiones\/marzo-2024<\/a><\/i><\/p>\n<\/div>\n","protected":false},"excerpt":{"rendered":"<p>La Agencia Nacional de Seguridad Vial informa que desde esta tarde y hasta el domingo habr\u00e1 restricci\u00f3n de camiones en distintas &#8230;<\/p>\n","protected":false},"author":7,"featured_media":133623,"comment_status":"open","ping_status":"open","sticky":false,"template":"","format":"standard","meta":{"footnotes":""},"categories":[1],"tags":[],"class_list":["post-133622","post","type-post","status-publish","format-standard","has-post-thumbnail","hentry","category-fmvinas"],"_links":{"self":[{"href":"https:\/\/vinasfm.com\/noticias\/wp-json\/wp\/v2\/posts\/133622","targetHints":{"allow":["GET"]}}],"collection":[{"href":"https:\/\/vinasfm.com\/noticias\/wp-json\/wp\/v2\/posts"}],"about":[{"href":"https:\/\/vinasfm.com\/noticias\/wp-json\/wp\/v2\/types\/post"}],"author":[{"embeddable":true,"href":"https:\/\/vinasfm.com\/noticias\/wp-json\/wp\/v2\/users\/7"}],"replies":[{"embeddable":true,"href":"https:\/\/vinasfm.com\/noticias\/wp-json\/wp\/v2\/comments?post=133622"}],"version-history":[{"count":1,"href":"https:\/\/vinasfm.com\/noticias\/wp-json\/wp\/v2\/posts\/133622\/revisions"}],"predecessor-version":[{"id":133624,"href":"https:\/\/vinasfm.com\/noticias\/wp-json\/wp\/v2\/posts\/133622\/revisions\/133624"}],"wp:featuredmedia":[{"embeddable":true,"href":"https:\/\/vinasfm.com\/noticias\/wp-json\/wp\/v2\/media\/133623"}],"wp:attachment":[{"href":"https:\/\/vinasfm.com\/noticias\/wp-json\/wp\/v2\/media?parent=133622"}],"wp:term":[{"taxonomy":"category","embeddable":true,"href":"https:\/\/vinasfm.com\/noticias\/wp-json\/wp\/v2\/categories?post=133622"},{"taxonomy":"post_tag","embeddable":true,"href":"https:\/\/vinasfm.com\/noticias\/wp-json\/wp\/v2\/tags?post=133622"}],"curies":[{"name":"wp","href":"https:\/\/api.w.org\/{rel}","templated":true}]}}