{"id":133606,"date":"2024-03-22T10:18:52","date_gmt":"2024-03-22T13:18:52","guid":{"rendered":"https:\/\/vinasfm.com\/noticias\/?p=133606"},"modified":"2024-03-23T10:22:49","modified_gmt":"2024-03-23T13:22:49","slug":"22-de-marzo-dia-mundia-del-agua","status":"publish","type":"post","link":"https:\/\/vinasfm.com\/noticias\/22-de-marzo-dia-mundia-del-agua\/","title":{"rendered":"22 DE MARZO: D\u00cdA MUNDIAL DEL AGUA"},"content":{"rendered":"<p><span style=\"color: #000000;\"><strong>El agua puede crear paz o desencadenar conflictos. La fecha fue instaurada por las Naciones Unidas para rendir homenaje a este recurso y fomentar medidas para hacer frente a la crisis mundial del agua. El lema para este a\u00f1o es\u00a0\u00abAgua para la paz\u00bb.<\/strong><\/span><\/p>\n<p><span style=\"color: #000000;\"><em><strong>\u201cEl agua es importante todos los d\u00edas, pues sin ella no hay civilizaci\u00f3n que pueda sobrevivir\u201d<\/strong><\/em>, reflexion\u00f3 el Ingeniero Mart\u00edn Hidalgo, Subdelegado de Aguas del R\u00edo Atuel. M\u00e1s de 3000 millones de personas en todo el mundo dependen de agua que atraviesa las fronteras nacionales.<\/span><\/p>\n<p><span style=\"color: #000000;\">Desde hace a\u00f1os, Mendoza atraviesa una fuerte crisis h\u00eddrica que afecta de sobremanera a los ciudadanos. A pesar de ello, la temporada 2023\/2024 cierra con un muy buen nivel de reserva h\u00eddrica.<strong><em> \u201cEn los m\u00e1s 100 a\u00f1os de historia del R\u00edo Atuel, este a\u00f1o se han dado las condiciones para poder satisfacer las necesidades de quienes dependen de \u00e9l. Entendemos que hay algunos inconvenientes y que se requiere un mantenimiento constante pero, gracias a la correcta administraci\u00f3n hemos logrado mantener las reservas ya que la debemos preservar para la pr\u00f3xima temporada\u201d<\/em><\/strong>, explic\u00f3 \u00a0Hidalgo.<\/span><\/p>\n<p><span style=\"color: #000000;\">Las reservas totales del r\u00edo Atuel (embalses Valle Grande y El Nihuil) est\u00e1n actualmente cerca de un 80 % de su capacidad m\u00e1xima, se habla de un valor superior en los \u00faltimos 15 a\u00f1os. <em><strong>\u201cCuando trabajamos en una temporada tenemos que tener en cuenta la temporada siguiente para poder regular el recurso, nunca podemos tener asegurada nuestra provisi\u00f3n para lo largo del a\u00f1o\u201d<\/strong><\/em>, sostuvo el Ingeniero y agreg\u00f3 que \u00a0<em><strong>\u201cseg\u00fan las tendencias, se espera que el fen\u00f3meno de La Ni\u00f1a se menos h\u00famedo , por lo cual es necesario trabajar con esas hip\u00f3tesis\u201d.<\/strong><\/em><\/span><\/p>\n<p><span style=\"color: #000000;\">La crisis h\u00eddrica se acent\u00faa en el mundo y nuestra provincia no es la excepci\u00f3n. A pesar de que, posiblemente, se registren algunos a\u00f1os de intensas nevadas, la peor crisis h\u00eddrica es consecuencia de la forma en que la sociedad utiliza el recurso. El compromiso va m\u00e1s all\u00e1 de la provisi\u00f3n del suministro, es necesario implementar numerosas acciones para crear conciencia sobre la importancia del agua potable y promover pr\u00e1cticas de preservaci\u00f3n. De esta manera, se contribuye al bienestar presente de todas las comunidades a las que se llega con el suministro y adem\u00e1s se sientan las bases para un futuro m\u00e1s pac\u00edfico y pr\u00f3spero para todos los sanjuaninos.<\/span><\/p>\n","protected":false},"excerpt":{"rendered":"<p>El agua puede crear paz o desencadenar conflictos. La fecha fue instaurada por las Naciones Unidas para rendir homenaje a este &#8230;<\/p>\n","protected":false},"author":7,"featured_media":133607,"comment_status":"open","ping_status":"open","sticky":false,"template":"","format":"standard","meta":{"footnotes":""},"categories":[5,11],"tags":[],"class_list":["post-133606","post","type-post","status-publish","format-standard","has-post-thumbnail","hentry","category-actualidad","category-sociales"],"_links":{"self":[{"href":"https:\/\/vinasfm.com\/noticias\/wp-json\/wp\/v2\/posts\/133606","targetHints":{"allow":["GET"]}}],"collection":[{"href":"https:\/\/vinasfm.com\/noticias\/wp-json\/wp\/v2\/posts"}],"about":[{"href":"https:\/\/vinasfm.com\/noticias\/wp-json\/wp\/v2\/types\/post"}],"author":[{"embeddable":true,"href":"https:\/\/vinasfm.com\/noticias\/wp-json\/wp\/v2\/users\/7"}],"replies":[{"embeddable":true,"href":"https:\/\/vinasfm.com\/noticias\/wp-json\/wp\/v2\/comments?post=133606"}],"version-history":[{"count":3,"href":"https:\/\/vinasfm.com\/noticias\/wp-json\/wp\/v2\/posts\/133606\/revisions"}],"predecessor-version":[{"id":133618,"href":"https:\/\/vinasfm.com\/noticias\/wp-json\/wp\/v2\/posts\/133606\/revisions\/133618"}],"wp:featuredmedia":[{"embeddable":true,"href":"https:\/\/vinasfm.com\/noticias\/wp-json\/wp\/v2\/media\/133607"}],"wp:attachment":[{"href":"https:\/\/vinasfm.com\/noticias\/wp-json\/wp\/v2\/media?parent=133606"}],"wp:term":[{"taxonomy":"category","embeddable":true,"href":"https:\/\/vinasfm.com\/noticias\/wp-json\/wp\/v2\/categories?post=133606"},{"taxonomy":"post_tag","embeddable":true,"href":"https:\/\/vinasfm.com\/noticias\/wp-json\/wp\/v2\/tags?post=133606"}],"curies":[{"name":"wp","href":"https:\/\/api.w.org\/{rel}","templated":true}]}}