{"id":133600,"date":"2024-03-22T09:30:18","date_gmt":"2024-03-22T12:30:18","guid":{"rendered":"https:\/\/vinasfm.com\/noticias\/?p=133600"},"modified":"2024-03-23T10:23:38","modified_gmt":"2024-03-23T13:23:38","slug":"funcionarios-provinciales-llegaron-al-departamento-y-pusieron-en-valor-el-trabajo-en-la-recoleccion-y-tratado-de-los-residuos-solidos-urbanos","status":"publish","type":"post","link":"https:\/\/vinasfm.com\/noticias\/funcionarios-provinciales-llegaron-al-departamento-y-pusieron-en-valor-el-trabajo-en-la-recoleccion-y-tratado-de-los-residuos-solidos-urbanos\/","title":{"rendered":"FUNCIONARIOS PROVINCIALES LLEGARON AL DEPARTAMENTO Y PUSIERON EN VALOR EL TRABAJO EN LA RECOLECCI\u00d3N Y TRATADO DE LOS RESIDUOS S\u00d3LIDOS URBANOS"},"content":{"rendered":"<p><span style=\"color: #000000;\"><strong>Se trata de Leonardo Fern\u00e1ndez, Director de Protecci\u00f3n Ambiental y Sebasti\u00e1n Melchor, subdirector. Junto a otros ingenieros visitaron la Planta de Residuos S\u00f3lidos Urbanos del departamento. <\/strong><\/span><\/p>\n<p><span style=\"color: #000000;\">El Asesor de Gesti\u00f3n Ambiental, Denis Rabanal, se\u00f1al\u00f3 que <strong><em>\u201cel objetivo de esta visita es que los funcionarios conozcan el trabajo que hacemos en Alvear en cuanto a la recolecci\u00f3n, tratado y disposici\u00f3n final de los residuos\u201d<\/em><\/strong>, adem\u00e1s se\u00f1al\u00f3 que <strong><em>\u201cse buscar\u00e1 programar distintas actividades que se realizaran junto a los recolectores urbanos, para as\u00ed potenciar a\u00fan m\u00e1s el trabajo que se realiza en la Planta\u201d.<\/em><\/strong><\/span><\/p>\n<p><span style=\"color: #000000;\">Durante la jornada, los funcionarios que integran la cartera de Energ\u00eda y Ambiente, se reunieron con el Sr. Intendente Alejandro Molero. <strong><em>\u201cHa sido un encuentro muy positivo para poder abordar una agenda que va desde temas relacionados a los residuos s\u00f3lidos urbanos, hasta otras \u00e1reas vinculadas a la protecci\u00f3n ambiental y biodiversidad\u201d<\/em><\/strong>, expres\u00f3 el Subdirector de Protecci\u00f3n Ambiental de la Provincia, Sebasti\u00e1n Melchor.<\/span><\/p>\n<p><span style=\"color: #000000;\">Adem\u00e1s, se\u00f1al\u00f3 que <strong><em>\u201ca pedido del Gobernador Cornejo y la ministra Jimena Latorre, estamos recorriendo la provincia para buscar soluciones a distintas problem\u00e1ticas que presentan las comunas relacionados a la producci\u00f3n de forestales, el aprovechamiento y desarrollo de zonas tur\u00edsticas, quema prescripta y dem\u00e1s\u201d.<\/em><\/strong><\/span><\/p>\n<p><a href=\"https:\/\/vinasfm.com\/noticias\/wp-content\/uploads\/2024\/03\/WhatsApp-Image-2024-03-22-at-8.45.20-AM.jpeg\"><img loading=\"lazy\" decoding=\"async\" class=\"alignnone wp-image-133602\" src=\"https:\/\/vinasfm.com\/noticias\/wp-content\/uploads\/2024\/03\/WhatsApp-Image-2024-03-22-at-8.45.20-AM-1024x684.jpeg\" alt=\"\" width=\"427\" height=\"285\" srcset=\"https:\/\/vinasfm.com\/noticias\/wp-content\/uploads\/2024\/03\/WhatsApp-Image-2024-03-22-at-8.45.20-AM-1024x684.jpeg 1024w, https:\/\/vinasfm.com\/noticias\/wp-content\/uploads\/2024\/03\/WhatsApp-Image-2024-03-22-at-8.45.20-AM-300x200.jpeg 300w, https:\/\/vinasfm.com\/noticias\/wp-content\/uploads\/2024\/03\/WhatsApp-Image-2024-03-22-at-8.45.20-AM-768x513.jpeg 768w, https:\/\/vinasfm.com\/noticias\/wp-content\/uploads\/2024\/03\/WhatsApp-Image-2024-03-22-at-8.45.20-AM-1536x1025.jpeg 1536w, https:\/\/vinasfm.com\/noticias\/wp-content\/uploads\/2024\/03\/WhatsApp-Image-2024-03-22-at-8.45.20-AM.jpeg 1600w\" sizes=\"auto, (max-width: 427px) 100vw, 427px\" \/><\/a> <a href=\"https:\/\/vinasfm.com\/noticias\/wp-content\/uploads\/2024\/03\/WhatsApp-Image-2024-03-22-at-8.45.19-AM-1-copia.jpeg\"><img loading=\"lazy\" decoding=\"async\" class=\"alignnone wp-image-133603\" src=\"https:\/\/vinasfm.com\/noticias\/wp-content\/uploads\/2024\/03\/WhatsApp-Image-2024-03-22-at-8.45.19-AM-1-copia-1024x684.jpeg\" alt=\"\" width=\"427\" height=\"285\" srcset=\"https:\/\/vinasfm.com\/noticias\/wp-content\/uploads\/2024\/03\/WhatsApp-Image-2024-03-22-at-8.45.19-AM-1-copia-1024x684.jpeg 1024w, https:\/\/vinasfm.com\/noticias\/wp-content\/uploads\/2024\/03\/WhatsApp-Image-2024-03-22-at-8.45.19-AM-1-copia-300x200.jpeg 300w, https:\/\/vinasfm.com\/noticias\/wp-content\/uploads\/2024\/03\/WhatsApp-Image-2024-03-22-at-8.45.19-AM-1-copia-768x513.jpeg 768w, https:\/\/vinasfm.com\/noticias\/wp-content\/uploads\/2024\/03\/WhatsApp-Image-2024-03-22-at-8.45.19-AM-1-copia-1536x1025.jpeg 1536w, https:\/\/vinasfm.com\/noticias\/wp-content\/uploads\/2024\/03\/WhatsApp-Image-2024-03-22-at-8.45.19-AM-1-copia.jpeg 1600w\" sizes=\"auto, (max-width: 427px) 100vw, 427px\" \/><\/a><\/p>\n<h6>Fern\u00e1ndez y Melchor junto al Intendente Alejandro Molero.<\/h6>\n<p>&nbsp;<\/p>\n","protected":false},"excerpt":{"rendered":"<p>Se trata de Leonardo Fern\u00e1ndez, Director de Protecci\u00f3n Ambiental y Sebasti\u00e1n Melchor, subdirector. Junto a otros ingenieros visitaron la Planta de &#8230;<\/p>\n","protected":false},"author":7,"featured_media":133601,"comment_status":"open","ping_status":"open","sticky":false,"template":"","format":"standard","meta":{"footnotes":""},"categories":[5,192],"tags":[],"class_list":["post-133600","post","type-post","status-publish","format-standard","has-post-thumbnail","hentry","category-actualidad","category-gestion-ambiental"],"_links":{"self":[{"href":"https:\/\/vinasfm.com\/noticias\/wp-json\/wp\/v2\/posts\/133600","targetHints":{"allow":["GET"]}}],"collection":[{"href":"https:\/\/vinasfm.com\/noticias\/wp-json\/wp\/v2\/posts"}],"about":[{"href":"https:\/\/vinasfm.com\/noticias\/wp-json\/wp\/v2\/types\/post"}],"author":[{"embeddable":true,"href":"https:\/\/vinasfm.com\/noticias\/wp-json\/wp\/v2\/users\/7"}],"replies":[{"embeddable":true,"href":"https:\/\/vinasfm.com\/noticias\/wp-json\/wp\/v2\/comments?post=133600"}],"version-history":[{"count":1,"href":"https:\/\/vinasfm.com\/noticias\/wp-json\/wp\/v2\/posts\/133600\/revisions"}],"predecessor-version":[{"id":133604,"href":"https:\/\/vinasfm.com\/noticias\/wp-json\/wp\/v2\/posts\/133600\/revisions\/133604"}],"wp:featuredmedia":[{"embeddable":true,"href":"https:\/\/vinasfm.com\/noticias\/wp-json\/wp\/v2\/media\/133601"}],"wp:attachment":[{"href":"https:\/\/vinasfm.com\/noticias\/wp-json\/wp\/v2\/media?parent=133600"}],"wp:term":[{"taxonomy":"category","embeddable":true,"href":"https:\/\/vinasfm.com\/noticias\/wp-json\/wp\/v2\/categories?post=133600"},{"taxonomy":"post_tag","embeddable":true,"href":"https:\/\/vinasfm.com\/noticias\/wp-json\/wp\/v2\/tags?post=133600"}],"curies":[{"name":"wp","href":"https:\/\/api.w.org\/{rel}","templated":true}]}}