{"id":133594,"date":"2024-03-21T19:02:08","date_gmt":"2024-03-21T22:02:08","guid":{"rendered":"https:\/\/vinasfm.com\/noticias\/?p=133594"},"modified":"2024-03-23T10:24:36","modified_gmt":"2024-03-23T13:24:36","slug":"la-jefatura-departamental-inicio-patrullajes-preventivos","status":"publish","type":"post","link":"https:\/\/vinasfm.com\/noticias\/la-jefatura-departamental-inicio-patrullajes-preventivos\/","title":{"rendered":"LA JEFATURA DEPARTAMENTAL INICI\u00d3 PATRULLAJES PREVENTIVOS"},"content":{"rendered":"<p><strong>A partir de la madrugada de este jueves se han implementado maniobras de patrullaje de prevenci\u00f3n en forma conjunta entre personal policial y un preventor con una movilidad debidamente identificada dependiente de la Municipalidad de General Alvear.<\/strong><\/p>\n<p>Durante la visita de la Ministra de Seguridad de la Provincia, Mercedes Rus, se anunci\u00f3 la mutua interacci\u00f3n entre la Municipalidad de General Alvear y la Polic\u00eda de Mendoza a trav\u00e9s de patrullaje y la provisi\u00f3n de m\u00f3viles. <strong><em>\u00abEstamos trabajando en la prevenci\u00f3n del delito, iniciamos en Ciudad y pronto el operativo se trasladar\u00e1 a Bowen\u00bb<\/em><\/strong>, se\u00f1al\u00f3 el Sr. Intendente Alejandro Molero y agreg\u00f3 que <strong><em>\u00abse utilizan 3 movilidades, dos camionetas y un utilitario, sumando las motos que colaboran con este sistema\u00bb.\u00a0<\/em><\/strong><\/p>\n<p>Por su parte, el Crio. de la Polic\u00eda Departamental Iv\u00e1n Berm\u00fadez, explic\u00f3 que <em><strong>\u00abmoment\u00e1neamente el operativo se llevar\u00e1 a cabo en horario nocturno. Quien conduce la movilidad no cuenta con armamento ni chaleco antibalas, pero es siempre monitoreado por el CEO\u00bb.<\/strong><\/em><\/p>\n<p>Por \u00faltimo, afirm\u00f3 que <strong><em>\u00aben cuando se vaya ganando experiencia con el operativo se ir\u00e1 entendiendo a m\u00e1s sectores del departamento\u00bb.<\/em><\/strong><\/p>\n","protected":false},"excerpt":{"rendered":"<p>A partir de la madrugada de este jueves se han implementado maniobras de patrullaje de prevenci\u00f3n en forma conjunta entre personal &#8230;<\/p>\n","protected":false},"author":7,"featured_media":133595,"comment_status":"open","ping_status":"open","sticky":false,"template":"","format":"standard","meta":{"footnotes":""},"categories":[5,4],"tags":[],"class_list":["post-133594","post","type-post","status-publish","format-standard","has-post-thumbnail","hentry","category-actualidad","category-policiales"],"_links":{"self":[{"href":"https:\/\/vinasfm.com\/noticias\/wp-json\/wp\/v2\/posts\/133594","targetHints":{"allow":["GET"]}}],"collection":[{"href":"https:\/\/vinasfm.com\/noticias\/wp-json\/wp\/v2\/posts"}],"about":[{"href":"https:\/\/vinasfm.com\/noticias\/wp-json\/wp\/v2\/types\/post"}],"author":[{"embeddable":true,"href":"https:\/\/vinasfm.com\/noticias\/wp-json\/wp\/v2\/users\/7"}],"replies":[{"embeddable":true,"href":"https:\/\/vinasfm.com\/noticias\/wp-json\/wp\/v2\/comments?post=133594"}],"version-history":[{"count":1,"href":"https:\/\/vinasfm.com\/noticias\/wp-json\/wp\/v2\/posts\/133594\/revisions"}],"predecessor-version":[{"id":133596,"href":"https:\/\/vinasfm.com\/noticias\/wp-json\/wp\/v2\/posts\/133594\/revisions\/133596"}],"wp:featuredmedia":[{"embeddable":true,"href":"https:\/\/vinasfm.com\/noticias\/wp-json\/wp\/v2\/media\/133595"}],"wp:attachment":[{"href":"https:\/\/vinasfm.com\/noticias\/wp-json\/wp\/v2\/media?parent=133594"}],"wp:term":[{"taxonomy":"category","embeddable":true,"href":"https:\/\/vinasfm.com\/noticias\/wp-json\/wp\/v2\/categories?post=133594"},{"taxonomy":"post_tag","embeddable":true,"href":"https:\/\/vinasfm.com\/noticias\/wp-json\/wp\/v2\/tags?post=133594"}],"curies":[{"name":"wp","href":"https:\/\/api.w.org\/{rel}","templated":true}]}}