{"id":133567,"date":"2024-03-21T09:44:13","date_gmt":"2024-03-21T12:44:13","guid":{"rendered":"https:\/\/vinasfm.com\/noticias\/?p=133567"},"modified":"2024-03-22T10:23:53","modified_gmt":"2024-03-22T13:23:53","slug":"general-alvear-dira-presente-en-la-vendimia-de-curico","status":"publish","type":"post","link":"https:\/\/vinasfm.com\/noticias\/general-alvear-dira-presente-en-la-vendimia-de-curico\/","title":{"rendered":"GENERAL ALVEAR DIR\u00c1 PRESENTE EN LA VENDIMIA DE CURIC\u00d3"},"content":{"rendered":"<p><span style=\"color: #000000;\"><strong>Durante cuatro d\u00edas, la Ciudad chilena vivir\u00e1 su fiesta de la Vendimia, una de las m\u00e1s grandes del pa\u00eds hermano. Ser\u00e1 en la Plaza de Armas de la ciudad, y Mendoza participar\u00e1 con su reina nacional y su virreina y un\u00a0<em>stand\u00a0<\/em>promocional.<\/strong><\/span><\/p>\n<p><span style=\"color: #000000;\">La Regi\u00f3n del Maule ya se prepara para uno de sus eventos m\u00e1s esperados, la Fiesta de la Vendimia de Curic\u00f3 2024. Con el objetivo de seguir afianzando los lazos estrat\u00e9gicos con otros destinos, nuestra provincia se presentar\u00e1 con sus soberanas vendimiales y un\u00a0<em>stand\u00a0<\/em>en el que se mostrar\u00e1n las bondades de Mendoza.<\/span><\/p>\n<p><span style=\"color: #000000;\">La provincia contar\u00e1 con un\u00a0<em>stand\u00a0<\/em>en la Plaza de Armas de Curic\u00f3, punto neur\u00e1lgico de esta festividad, para la promoci\u00f3n tur\u00edstica del destino, teniendo en cuenta la importancia del mercado chileno para Mendoza.<\/span><\/p>\n<p><span style=\"color: #000000;\">Esta tarea ser\u00e1 reforzada por la presencia de las reinas vendimiales, y representantes de los municipios del Sur y de las c\u00e1maras del sector.<\/span><\/p>\n<p><span style=\"color: #000000;\">El Director de Turismo de la Comuna, Gustavo Garc\u00eda, se\u00f1al\u00f3 que<strong><em> \u201cGeneral Alvear estar\u00e1 presente gracias a la invitaci\u00f3n del EMETUR. Adem\u00e1s de exponer todas las bondades de nuestro departamento, nuestra <span style=\"color: #000000;\">delegaci\u00f3n va en busca de intercambios con la Regi\u00f3n de Maule, que beneficien a ambas ciudades\u201d.<\/span><\/em><\/strong><\/span><\/p>\n<p><span style=\"color: #000000;\">Esta ser\u00e1 la 35\u00b0 edici\u00f3n de la Fiesta de la Vendimia de Curic\u00f3 y tendr\u00e1 como punto de encuentro la Plaza de Armas de la ciudad, desde el jueves 21 hasta el domingo 24 de marzo, con entrada gratis.<\/span><\/p>\n<p><span style=\"color: #000000;\">Habr\u00e1 puestos de comida, artesan\u00edas y emprendedores, juegos para ni\u00f1os, folclore y conciertos y presentaciones de reconocidos artistas chilenos.<\/span><\/p>\n","protected":false},"excerpt":{"rendered":"<p>Durante cuatro d\u00edas, la Ciudad chilena vivir\u00e1 su fiesta de la Vendimia, una de las m\u00e1s grandes del pa\u00eds hermano. Ser\u00e1 &#8230;<\/p>\n","protected":false},"author":7,"featured_media":133568,"comment_status":"open","ping_status":"open","sticky":false,"template":"","format":"standard","meta":{"footnotes":""},"categories":[5,25],"tags":[],"class_list":["post-133567","post","type-post","status-publish","format-standard","has-post-thumbnail","hentry","category-actualidad","category-vendimia"],"_links":{"self":[{"href":"https:\/\/vinasfm.com\/noticias\/wp-json\/wp\/v2\/posts\/133567","targetHints":{"allow":["GET"]}}],"collection":[{"href":"https:\/\/vinasfm.com\/noticias\/wp-json\/wp\/v2\/posts"}],"about":[{"href":"https:\/\/vinasfm.com\/noticias\/wp-json\/wp\/v2\/types\/post"}],"author":[{"embeddable":true,"href":"https:\/\/vinasfm.com\/noticias\/wp-json\/wp\/v2\/users\/7"}],"replies":[{"embeddable":true,"href":"https:\/\/vinasfm.com\/noticias\/wp-json\/wp\/v2\/comments?post=133567"}],"version-history":[{"count":2,"href":"https:\/\/vinasfm.com\/noticias\/wp-json\/wp\/v2\/posts\/133567\/revisions"}],"predecessor-version":[{"id":133614,"href":"https:\/\/vinasfm.com\/noticias\/wp-json\/wp\/v2\/posts\/133567\/revisions\/133614"}],"wp:featuredmedia":[{"embeddable":true,"href":"https:\/\/vinasfm.com\/noticias\/wp-json\/wp\/v2\/media\/133568"}],"wp:attachment":[{"href":"https:\/\/vinasfm.com\/noticias\/wp-json\/wp\/v2\/media?parent=133567"}],"wp:term":[{"taxonomy":"category","embeddable":true,"href":"https:\/\/vinasfm.com\/noticias\/wp-json\/wp\/v2\/categories?post=133567"},{"taxonomy":"post_tag","embeddable":true,"href":"https:\/\/vinasfm.com\/noticias\/wp-json\/wp\/v2\/tags?post=133567"}],"curies":[{"name":"wp","href":"https:\/\/api.w.org\/{rel}","templated":true}]}}