{"id":133543,"date":"2024-03-20T10:17:40","date_gmt":"2024-03-20T13:17:40","guid":{"rendered":"https:\/\/vinasfm.com\/noticias\/?p=133543"},"modified":"2024-03-21T09:50:41","modified_gmt":"2024-03-21T12:50:41","slug":"defensa-civil-trabajo-en-la-reactivacion-del-pozo-que-lleva-agua-al-paraje-corral-de-lorca","status":"publish","type":"post","link":"https:\/\/vinasfm.com\/noticias\/defensa-civil-trabajo-en-la-reactivacion-del-pozo-que-lleva-agua-al-paraje-corral-de-lorca\/","title":{"rendered":"DEFENSA CIVIL TRABAJ\u00d3 EN LA REACTIVACI\u00d3N DEL POZO QUE LLEVA AGUA AL PARAJE CORRAL DE LORCA"},"content":{"rendered":"<p><strong>El mismo se encuentra a 20km al norte a orillas del R\u00edo Diamante. Se coloc\u00f3 bomba sumergible el\u00e9ctrica y pulm\u00f3n para as\u00ed poder llegar con agua al pueblo.<\/strong><\/p>\n<p>El Director de Defensa Civil del departamento, Javier Velasco, se\u00f1al\u00f3 que <strong><em>\u201cya hac\u00eda bastante tiempo que el pozo estaba en desuso por distintas cuestiones, el d\u00eda lunes se logr\u00f3 restablecer el servicio gracias al esfuerzo de una cuadrilla\u201d.<\/em><\/strong> La perforaci\u00f3n, que se encuentra a 20km dl R\u00edo Diamante, tiene una profundidad de 12 metros lo cual permite el acceso a agua dulce.<\/p>\n<p>Velasco explic\u00f3 que <strong><em>\u201cse coloc\u00f3 una bomba el\u00e9ctrica que bombea 6.000 litros\u00a0 por hora, lo que permite que el agua llegue a muchos kil\u00f3metros abasteciendo a todo el pueblo\u201d. <\/em><\/strong>Si bien el agua no es potable, al ser agua dulce es apta para el consumo.<\/p>\n<div style=\"width: 1140px;\" class=\"wp-video\"><video class=\"wp-video-shortcode\" id=\"video-133543-1\" width=\"1140\" height=\"641\" preload=\"metadata\" controls=\"controls\"><source type=\"video\/mp4\" src=\"https:\/\/vinasfm.com\/noticias\/wp-content\/uploads\/2024\/03\/GO2syRmmwegxn1oDALJg9TClnW96bmdjAAAF.mp4?_=1\" \/><a href=\"https:\/\/vinasfm.com\/noticias\/wp-content\/uploads\/2024\/03\/GO2syRmmwegxn1oDALJg9TClnW96bmdjAAAF.mp4\">https:\/\/vinasfm.com\/noticias\/wp-content\/uploads\/2024\/03\/GO2syRmmwegxn1oDALJg9TClnW96bmdjAAAF.mp4<\/a><\/video><\/div>\n<h6>G.Vallejos<\/h6>\n","protected":false},"excerpt":{"rendered":"<p>El mismo se encuentra a 20km al norte a orillas del R\u00edo Diamante. Se coloc\u00f3 bomba sumergible el\u00e9ctrica y pulm\u00f3n para &#8230;<\/p>\n","protected":false},"author":7,"featured_media":133545,"comment_status":"open","ping_status":"open","sticky":false,"template":"","format":"standard","meta":{"footnotes":""},"categories":[5,51],"tags":[],"class_list":["post-133543","post","type-post","status-publish","format-standard","has-post-thumbnail","hentry","category-actualidad","category-defensa-civil"],"_links":{"self":[{"href":"https:\/\/vinasfm.com\/noticias\/wp-json\/wp\/v2\/posts\/133543","targetHints":{"allow":["GET"]}}],"collection":[{"href":"https:\/\/vinasfm.com\/noticias\/wp-json\/wp\/v2\/posts"}],"about":[{"href":"https:\/\/vinasfm.com\/noticias\/wp-json\/wp\/v2\/types\/post"}],"author":[{"embeddable":true,"href":"https:\/\/vinasfm.com\/noticias\/wp-json\/wp\/v2\/users\/7"}],"replies":[{"embeddable":true,"href":"https:\/\/vinasfm.com\/noticias\/wp-json\/wp\/v2\/comments?post=133543"}],"version-history":[{"count":2,"href":"https:\/\/vinasfm.com\/noticias\/wp-json\/wp\/v2\/posts\/133543\/revisions"}],"predecessor-version":[{"id":133574,"href":"https:\/\/vinasfm.com\/noticias\/wp-json\/wp\/v2\/posts\/133543\/revisions\/133574"}],"wp:featuredmedia":[{"embeddable":true,"href":"https:\/\/vinasfm.com\/noticias\/wp-json\/wp\/v2\/media\/133545"}],"wp:attachment":[{"href":"https:\/\/vinasfm.com\/noticias\/wp-json\/wp\/v2\/media?parent=133543"}],"wp:term":[{"taxonomy":"category","embeddable":true,"href":"https:\/\/vinasfm.com\/noticias\/wp-json\/wp\/v2\/categories?post=133543"},{"taxonomy":"post_tag","embeddable":true,"href":"https:\/\/vinasfm.com\/noticias\/wp-json\/wp\/v2\/tags?post=133543"}],"curies":[{"name":"wp","href":"https:\/\/api.w.org\/{rel}","templated":true}]}}