{"id":133539,"date":"2024-03-20T09:43:46","date_gmt":"2024-03-20T12:43:46","guid":{"rendered":"https:\/\/vinasfm.com\/noticias\/?p=133539"},"modified":"2024-03-21T09:50:57","modified_gmt":"2024-03-21T12:50:57","slug":"la-informalidad-uno-de-los-principales-problemas-que-aqueja-al-sector-turistico","status":"publish","type":"post","link":"https:\/\/vinasfm.com\/noticias\/la-informalidad-uno-de-los-principales-problemas-que-aqueja-al-sector-turistico\/","title":{"rendered":"LA INFORMALIDAD, UNO DE LOS PRINCIPALES PROBLEMAS QUE AQUEJA AL SECTOR TUR\u00cdSTICO"},"content":{"rendered":"<p><span style=\"color: #000000;\"><strong>Combatir la informalidad y la promoci\u00f3n de la Fiesta Nacional de la Ganader\u00eda fueron algunos de los temas que se abordaron en la reuni\u00f3n con Carlos Weiner, director de la Zona Sur del Ente de Turismo Mendoza.<\/strong><\/span><\/p>\n<p><span style=\"color: #000000;\">El funcionario del Emetur participo de la reuni\u00f3n de comisi\u00f3n directiva de la C\u00e1mara de Alvear en la que se explay\u00f3 sobre las tareas que se est\u00e1n llevando adelante junto a los prestadores de servicios tur\u00edsticos.<\/span><\/p>\n<p><span style=\"color: #000000;\">Entre el amplio temario que se abord\u00f3, desde la espec\u00edfica de Turismo de la entidad, se plante\u00f3 la problem\u00e1tica de la informalidad en el sector que se transforma en una competencia desleal.<\/span><\/p>\n<p><span style=\"color: #000000;\"><em><strong>\u201cEs muy importante la presencia de Carlos Weiner aqu\u00ed porque es un referente del turismo de Alvear y m\u00e1s ahora que ocupa este nuevo cargo\u201d<\/strong><\/em>, dijo Adri\u00e1n Rossi, presidente de la espec\u00edfica de Turismo y acto seguido agreg\u00f3: <strong><em>\u201cHa sido una extensa charla, muy productiva y siempre hay cosas para plantear. En esta oportunidad hablamos sobre una preocupaci\u00f3n que tenemos todos los prestadores que hacemos turismo y es que ha proliferado mucho la parte informal, Carlos tom\u00f3 nota al respecto y se est\u00e1 movilizando\u201d.<\/em><\/strong><\/span><\/p>\n<p><span style=\"color: #000000;\">Al respecto, el director de la Zona Sur de Emetur consider\u00f3 que las acciones que se est\u00e1n llevando a cabo buscan transparentar las actividades combatiendo la ilegalidad para garantizar y proteger tanto a los emprendedores como a los consumidores.<\/span><\/p>\n<p><span style=\"color: #000000;\"><em><strong>\u201cLos prestadores tur\u00edsticos debidamente habilitados cumplen con sus obligaciones fiscales y de servicios, lo que les permite ofrecer un servicio de calidad y brindar garant\u00edas a los clientes. Por el contrario, aquellos que operan en la clandestinidad no paga impuestos, no paga servicios, y no ofrecen ning\u00fan tipo de seguridad ni protecci\u00f3n al consumidor\u201d<\/strong><\/em>, sostuvo.<\/span><\/p>\n<p><span style=\"color: #000000;\"><em><strong>\u201cA su vez, tambi\u00e9n el cliente debe aprender que si pasa algo en alg\u00fan momento en un emprendimiento habilitado tiene a quien reclamarle, hay un seguro, hay una empresa, hay una responsabilidad que est\u00e1 detr\u00e1s, hay un municipio, hay un Ente de turismo que se encarga de controlar\u201d<\/strong><\/em>, sostuvo Weiner. \u00a0<\/span><\/p>\n<p><span style=\"color: #000000;\">El funcionario tambi\u00e9n indic\u00f3 que al combatir la informalidad tambi\u00e9n se apunta a evitar que los turistas caigan en enga\u00f1os <strong><em>\u201ces tan importante el prestador de servicios como el consumidor y nos interesa que no sea estafado\u201d.<\/em><\/strong><\/span><\/p>\n","protected":false},"excerpt":{"rendered":"<p>Combatir la informalidad y la promoci\u00f3n de la Fiesta Nacional de la Ganader\u00eda fueron algunos de los temas que se abordaron &#8230;<\/p>\n","protected":false},"author":7,"featured_media":133540,"comment_status":"open","ping_status":"open","sticky":false,"template":"","format":"standard","meta":{"footnotes":""},"categories":[5,32],"tags":[],"class_list":["post-133539","post","type-post","status-publish","format-standard","has-post-thumbnail","hentry","category-actualidad","category-camara-de-comercio"],"_links":{"self":[{"href":"https:\/\/vinasfm.com\/noticias\/wp-json\/wp\/v2\/posts\/133539","targetHints":{"allow":["GET"]}}],"collection":[{"href":"https:\/\/vinasfm.com\/noticias\/wp-json\/wp\/v2\/posts"}],"about":[{"href":"https:\/\/vinasfm.com\/noticias\/wp-json\/wp\/v2\/types\/post"}],"author":[{"embeddable":true,"href":"https:\/\/vinasfm.com\/noticias\/wp-json\/wp\/v2\/users\/7"}],"replies":[{"embeddable":true,"href":"https:\/\/vinasfm.com\/noticias\/wp-json\/wp\/v2\/comments?post=133539"}],"version-history":[{"count":1,"href":"https:\/\/vinasfm.com\/noticias\/wp-json\/wp\/v2\/posts\/133539\/revisions"}],"predecessor-version":[{"id":133541,"href":"https:\/\/vinasfm.com\/noticias\/wp-json\/wp\/v2\/posts\/133539\/revisions\/133541"}],"wp:featuredmedia":[{"embeddable":true,"href":"https:\/\/vinasfm.com\/noticias\/wp-json\/wp\/v2\/media\/133540"}],"wp:attachment":[{"href":"https:\/\/vinasfm.com\/noticias\/wp-json\/wp\/v2\/media?parent=133539"}],"wp:term":[{"taxonomy":"category","embeddable":true,"href":"https:\/\/vinasfm.com\/noticias\/wp-json\/wp\/v2\/categories?post=133539"},{"taxonomy":"post_tag","embeddable":true,"href":"https:\/\/vinasfm.com\/noticias\/wp-json\/wp\/v2\/tags?post=133539"}],"curies":[{"name":"wp","href":"https:\/\/api.w.org\/{rel}","templated":true}]}}