{"id":133536,"date":"2024-03-20T09:35:12","date_gmt":"2024-03-20T12:35:12","guid":{"rendered":"https:\/\/vinasfm.com\/noticias\/?p=133536"},"modified":"2024-03-21T09:16:28","modified_gmt":"2024-03-21T12:16:28","slug":"oftalmologos-de-mendoza-alertaron-que-la-demanda-de-atencion-ya-cayo-el-30-por-la-crisis","status":"publish","type":"post","link":"https:\/\/vinasfm.com\/noticias\/oftalmologos-de-mendoza-alertaron-que-la-demanda-de-atencion-ya-cayo-el-30-por-la-crisis\/","title":{"rendered":"OFTALM\u00d3LOGOS DE MENDOZA ALERTARON QUE LA DEMANDA DE ATENCI\u00d3N YA CAY\u00d3 EL 30% POR LA CRISIS"},"content":{"rendered":"<p><span style=\"color: #000000;\"><strong>Desde la Asociaci\u00f3n Mendocina de Oftalmolog\u00eda aseguran que se siente la recesi\u00f3n y los pacientes optan por aplazar tratamientos y cirug\u00edas.<\/strong><\/span><\/p>\n<article class=\"article-body first\">\n<div class=\"article-content\">\n<div class=\"cuerpo\" data-twitter-link=\"\">\n<p><span style=\"color: #000000;\"><strong>La crisis econ\u00f3mica\u00a0<\/strong>se siente hasta en los rubros de primera necesidad, como son los medicamentos y los alimentos; y\u00a0<strong>las consecuencias tambi\u00e9n llegaron a la atenci\u00f3n de especialidades m\u00e9dicas, como la oftalmolog\u00eda<\/strong>,\u00a0seg\u00fan advirti\u00f3 la<strong>\u00a0Asociaci\u00f3n Mendocina de Oftalmolog\u00eda<\/strong>.<\/span><\/p>\n<\/div>\n<\/div>\n<\/article>\n<article class=\"article-body\">\n<div class=\"article-content\">\n<div class=\"cuerpo\" data-twitter-link=\"\">\n<p><span style=\"color: #000000;\">El presidente de la entidad,<strong>\u00a0Enrique Gandolfo\u00a0<\/strong>reconoci\u00f3 a\u00a0<strong>Diario UNO<\/strong>\u00a0que \u00abestamos atravesando una situaci\u00f3n muy dif\u00edcil porque\u00a0<strong>el aumento en las prepagas no se traslad\u00f3 a nuestros aranceles, estamos cobrando con tres o cuatro meses de atraso y hay una baja muy importante en la demanda de pacientes<\/strong>\u00ab.<\/span><\/p>\n<p><span style=\"color: #000000;\"><strong>Gandolfo estim\u00f3 que por la recesi\u00f3n las consultas cayeron el 30%<\/strong>\u00a0y reclam\u00f3: \u00abNecesitamos que haya una mesa de di\u00e1logo de todos los sectores, tanto del p\u00fablico, como del privado porque<strong>\u00a0las obras sociales y prepagas ya no est\u00e1n cumpliendo su funci\u00f3n<\/strong>, toda vez que los pacientes\u00a0<strong>tienen que afrontar el pago de una consulta y parte de los tratamientos oculares porque nosotros tenemos nuestros insumos todos dolarizados<\/strong>\u00ab.<\/span><\/p>\n<p><span style=\"color: #000000;\">Desde la implementaci\u00f3n de la consulta m\u00e9dica en Mendoza, la especialidad tambi\u00e9n comenz\u00f3 a solicitarle a los afiliados de obras sociales y prepagas el\u00a0<strong>pago de parte de las pr\u00e1cticas como cirug\u00edas, expresado en d\u00f3lares.<\/strong><\/span><\/p>\n<p><span style=\"color: #000000;\">\u00abEs un problema para nosotros tenerle que pedirle al paciente que cubra parte de los insumos para una cirug\u00eda, pero la realidad es que la gran mayor\u00eda de los insumos con los que trabajamos est\u00e1n dolarizados y no lo est\u00e1n cubriendo las financiadoras del sistema\u00bb, admiti\u00f3 el profesional.<\/span><\/p>\n<p><span style=\"color: #000000;\">No hay un valor uniforme de copago para las intervenciones y pr\u00e1cticas y\u00a0<strong>van de los 50 d\u00f3lares a los 100 d\u00f3lares, es decir desde los 50.000 pesos como base.<\/strong><\/span><\/p>\n<p><span style=\"color: #000000;\">El pago de las obras sociales, luego de tres o cuatro meses despu\u00e9s de haber atendido a un paciente y el cobro de la consulta y la pr\u00e1ctica generaron un impacto negativo en el consultorio de los oculistas porque\u00a0<strong>hay pacientes que ya no se est\u00e1n haciendo atender<\/strong>.<\/span><\/p>\n<p><span style=\"color: #000000;\">\u00abHay muchos profesionales que ya no est\u00e1n recibiendo ni obras sociales ni prepagas porque no encuentran una soluci\u00f3n a lo que estamos viviendo.\u00a0<strong>Esto perjudica a los m\u00e9dicos y tambi\u00e9n a los pacientes que no pueden elegir el profesional que quieren o hacerse los tratamientos que necesitan<\/strong>. Es muy delicado lo que estamos pasando\u00bb, alert\u00f3.<\/span><\/p>\n<p><span style=\"color: #000000;\">De acuerdo con datos del\u00a0<strong>Ministerio de Salud y Deportes de Mendoza<\/strong>, desde la implementaci\u00f3n de la consulta m\u00e9dica o el honorario \u00e9tico se increment\u00f3 el 15% la demanda en el sistema p\u00fablico, aunque desde el privado consideran que es muy mayor por la merma en la demanda.<\/span><\/p>\n<h6>Diario Uno<\/h6>\n<\/div>\n<\/div>\n<\/article>\n","protected":false},"excerpt":{"rendered":"<p>Desde la Asociaci\u00f3n Mendocina de Oftalmolog\u00eda aseguran que se siente la recesi\u00f3n y los pacientes optan por aplazar tratamientos y cirug\u00edas. &#8230;<\/p>\n","protected":false},"author":7,"featured_media":133537,"comment_status":"open","ping_status":"open","sticky":false,"template":"","format":"standard","meta":{"footnotes":""},"categories":[5,15],"tags":[],"class_list":["post-133536","post","type-post","status-publish","format-standard","has-post-thumbnail","hentry","category-actualidad","category-salud"],"_links":{"self":[{"href":"https:\/\/vinasfm.com\/noticias\/wp-json\/wp\/v2\/posts\/133536","targetHints":{"allow":["GET"]}}],"collection":[{"href":"https:\/\/vinasfm.com\/noticias\/wp-json\/wp\/v2\/posts"}],"about":[{"href":"https:\/\/vinasfm.com\/noticias\/wp-json\/wp\/v2\/types\/post"}],"author":[{"embeddable":true,"href":"https:\/\/vinasfm.com\/noticias\/wp-json\/wp\/v2\/users\/7"}],"replies":[{"embeddable":true,"href":"https:\/\/vinasfm.com\/noticias\/wp-json\/wp\/v2\/comments?post=133536"}],"version-history":[{"count":1,"href":"https:\/\/vinasfm.com\/noticias\/wp-json\/wp\/v2\/posts\/133536\/revisions"}],"predecessor-version":[{"id":133538,"href":"https:\/\/vinasfm.com\/noticias\/wp-json\/wp\/v2\/posts\/133536\/revisions\/133538"}],"wp:featuredmedia":[{"embeddable":true,"href":"https:\/\/vinasfm.com\/noticias\/wp-json\/wp\/v2\/media\/133537"}],"wp:attachment":[{"href":"https:\/\/vinasfm.com\/noticias\/wp-json\/wp\/v2\/media?parent=133536"}],"wp:term":[{"taxonomy":"category","embeddable":true,"href":"https:\/\/vinasfm.com\/noticias\/wp-json\/wp\/v2\/categories?post=133536"},{"taxonomy":"post_tag","embeddable":true,"href":"https:\/\/vinasfm.com\/noticias\/wp-json\/wp\/v2\/tags?post=133536"}],"curies":[{"name":"wp","href":"https:\/\/api.w.org\/{rel}","templated":true}]}}