{"id":133514,"date":"2024-03-19T20:01:02","date_gmt":"2024-03-19T23:01:02","guid":{"rendered":"https:\/\/vinasfm.com\/noticias\/?p=133514"},"modified":"2024-03-19T20:09:25","modified_gmt":"2024-03-19T23:09:25","slug":"este-miercoles-se-brindara-una-master-class-gratuita-sobre-vinos-espumantes-del-mundo","status":"publish","type":"post","link":"https:\/\/vinasfm.com\/noticias\/este-miercoles-se-brindara-una-master-class-gratuita-sobre-vinos-espumantes-del-mundo\/","title":{"rendered":"ESTE MI\u00c9RCOLES SE BRINDAR\u00c1 UNA MASTER CLASS GRATUITA SOBRE VINOS ESPUMANTES DEL MUNDO"},"content":{"rendered":"<p><strong>El Secretario de Desarrollo y Promoci\u00f3n Departamental, Hugo Molina, brind\u00f3 detalles de la master class que tendr\u00e1 lugar en el Punto Digital de Bodega Fara\u00f3n.<\/strong><\/p>\n<p>Molina se\u00f1al\u00f3 que la charla <strong><em>\u00abser\u00e1 dictada por el En\u00f3logo Gustavo Agostini, quien se ha incorporado a la l\u00ednea Don Perignon\u00bb<\/em><\/strong>, adem\u00e1s detall\u00f3 que <em><strong>\u00abse hablar\u00e1 de lo que viene en el mundo para los vinos espumantes, dejar\u00e1 plasmado la forma de diferenciarnos en General Alvear en cuanto a la industria\u00bb<\/strong><\/em><\/p>\n<p><a href=\"https:\/\/vinasfm.com\/noticias\/wp-content\/uploads\/2024\/03\/IMG-20240313-WA0039.jpg\"><img loading=\"lazy\" decoding=\"async\" class=\"alignnone size-medium wp-image-133515\" src=\"https:\/\/vinasfm.com\/noticias\/wp-content\/uploads\/2024\/03\/IMG-20240313-WA0039-258x300.jpg\" alt=\"\" width=\"258\" height=\"300\" srcset=\"https:\/\/vinasfm.com\/noticias\/wp-content\/uploads\/2024\/03\/IMG-20240313-WA0039-258x300.jpg 258w, https:\/\/vinasfm.com\/noticias\/wp-content\/uploads\/2024\/03\/IMG-20240313-WA0039-881x1024.jpg 881w, https:\/\/vinasfm.com\/noticias\/wp-content\/uploads\/2024\/03\/IMG-20240313-WA0039-768x892.jpg 768w, https:\/\/vinasfm.com\/noticias\/wp-content\/uploads\/2024\/03\/IMG-20240313-WA0039-1322x1536.jpg 1322w, https:\/\/vinasfm.com\/noticias\/wp-content\/uploads\/2024\/03\/IMG-20240313-WA0039.jpg 1377w\" sizes=\"auto, (max-width: 258px) 100vw, 258px\" \/><\/a><\/p>\n","protected":false},"excerpt":{"rendered":"<p>El Secretario de Desarrollo y Promoci\u00f3n Departamental, Hugo Molina, brind\u00f3 detalles de la master class que tendr\u00e1 lugar en el Punto &#8230;<\/p>\n","protected":false},"author":7,"featured_media":133516,"comment_status":"open","ping_status":"open","sticky":false,"template":"","format":"standard","meta":{"footnotes":""},"categories":[1],"tags":[],"class_list":["post-133514","post","type-post","status-publish","format-standard","has-post-thumbnail","hentry","category-fmvinas"],"_links":{"self":[{"href":"https:\/\/vinasfm.com\/noticias\/wp-json\/wp\/v2\/posts\/133514","targetHints":{"allow":["GET"]}}],"collection":[{"href":"https:\/\/vinasfm.com\/noticias\/wp-json\/wp\/v2\/posts"}],"about":[{"href":"https:\/\/vinasfm.com\/noticias\/wp-json\/wp\/v2\/types\/post"}],"author":[{"embeddable":true,"href":"https:\/\/vinasfm.com\/noticias\/wp-json\/wp\/v2\/users\/7"}],"replies":[{"embeddable":true,"href":"https:\/\/vinasfm.com\/noticias\/wp-json\/wp\/v2\/comments?post=133514"}],"version-history":[{"count":2,"href":"https:\/\/vinasfm.com\/noticias\/wp-json\/wp\/v2\/posts\/133514\/revisions"}],"predecessor-version":[{"id":133518,"href":"https:\/\/vinasfm.com\/noticias\/wp-json\/wp\/v2\/posts\/133514\/revisions\/133518"}],"wp:featuredmedia":[{"embeddable":true,"href":"https:\/\/vinasfm.com\/noticias\/wp-json\/wp\/v2\/media\/133516"}],"wp:attachment":[{"href":"https:\/\/vinasfm.com\/noticias\/wp-json\/wp\/v2\/media?parent=133514"}],"wp:term":[{"taxonomy":"category","embeddable":true,"href":"https:\/\/vinasfm.com\/noticias\/wp-json\/wp\/v2\/categories?post=133514"},{"taxonomy":"post_tag","embeddable":true,"href":"https:\/\/vinasfm.com\/noticias\/wp-json\/wp\/v2\/tags?post=133514"}],"curies":[{"name":"wp","href":"https:\/\/api.w.org\/{rel}","templated":true}]}}