{"id":133460,"date":"2024-03-18T18:19:33","date_gmt":"2024-03-18T21:19:33","guid":{"rendered":"https:\/\/vinasfm.com\/noticias\/?p=133460"},"modified":"2024-03-19T11:02:24","modified_gmt":"2024-03-19T14:02:24","slug":"la-comuna-lleva-adelante-obras-de-cloacas-en-ciudad","status":"publish","type":"post","link":"https:\/\/vinasfm.com\/noticias\/la-comuna-lleva-adelante-obras-de-cloacas-en-ciudad\/","title":{"rendered":"LA COMUNA LLEVA ADELANTE OBRAS DE CLOACAS EN CIUDAD"},"content":{"rendered":"<p><strong>Las tareas actuales se centran en los barrios Alvear I y II y G\u00fcerini. Se trata de una inversi\u00f3n de m\u00e1s de 45 millones de pesos y beneficiar\u00e1 a m\u00e1s de 100 familias.<\/strong><\/p>\n<p>Esta ma\u00f1ana el Intendente Alejandro Molero recorri\u00f3 la obra de reparaci\u00f3n de cloacas en esos barrios de ciudad.<\/p>\n<p>La obra permitir\u00e1 un mejor funcionamiento de la red colectora en ese lugar. Tiene una inversi\u00f3n de m\u00e1s de 45 millones de pesos y se realiza a trav\u00e9s de un convenio entre AYSAM y el municipio. La obra consta de mil metros de reparaci\u00f3n y tiene un plazo estimado de 90 d\u00edas.<\/p>\n<p><em><strong>\u00abEs una obra muy importante, de m\u00e1s de 45 millones de pesos que se hace a trav\u00e9s de un convenio entre AYSAM y el municipio de General Alvear. Esta obra consta de mil metros de reparaci\u00f3n, es decir, estamos colocando nuevos colectores en el barrio Alvear I, Alvear II\u00bb,<\/strong> <\/em>dijo el Intendente.<\/p>\n<p>Molero sostuvo que los vecinos van a estar viendo obras en distintos sectores de la ciudad debido a que los viejos colectores cumplieron su vida \u00fatil<em><strong> \u201cy esto estaba perjudicando el normal funcionamiento de la red cloacal en esta zona. Con esta importante obra renovamos no solamente la red troncal, sino tambi\u00e9n vamos a trabajar en reparar las conexiones de m\u00e1s de 100 vecinos a esta red troncal, haci\u00e9ndola nueva\u201d<\/strong><\/em>, resumi\u00f3.<\/p>\n<p>La obra tiene de plazo aproximadamente 90 d\u00edas y con la posibilidad de extenderse de acuerdo a condiciones clim\u00e1ticas y algunas cuestiones que afecten a la obra, pero ese es el plazo estimado.<\/p>\n<p>El jefe comunal pidi\u00f3 a los vecinos que tengan mucho cuidado, fundamentalmente por las m\u00e1quinas,<em><strong> \u201clas obras generan inconvenientes y m\u00e1s cuando son en la v\u00eda p\u00fablica. El normal funcionamiento o tr\u00e1nsito vehicular se ve afectado, los ruidos que son molestos y seguramente que el movimiento de la obra en s\u00ed molesta al vecino, pero siempre poniendo por delante que cada obra que hacemos en nuestra ciudad trae adelanto, trae mejoras en la calidad de vida de los vecinos y el funcionamiento de la ciudad como comunidad\u201d<\/strong><\/em>, culmin\u00f3.<\/p>\n","protected":false},"excerpt":{"rendered":"<p>Las tareas actuales se centran en los barrios Alvear I y II y G\u00fcerini. Se trata de una inversi\u00f3n de m\u00e1s &#8230;<\/p>\n","protected":false},"author":7,"featured_media":133461,"comment_status":"open","ping_status":"open","sticky":false,"template":"","format":"standard","meta":{"footnotes":""},"categories":[5,29],"tags":[],"class_list":["post-133460","post","type-post","status-publish","format-standard","has-post-thumbnail","hentry","category-actualidad","category-obras-y-servicios"],"_links":{"self":[{"href":"https:\/\/vinasfm.com\/noticias\/wp-json\/wp\/v2\/posts\/133460","targetHints":{"allow":["GET"]}}],"collection":[{"href":"https:\/\/vinasfm.com\/noticias\/wp-json\/wp\/v2\/posts"}],"about":[{"href":"https:\/\/vinasfm.com\/noticias\/wp-json\/wp\/v2\/types\/post"}],"author":[{"embeddable":true,"href":"https:\/\/vinasfm.com\/noticias\/wp-json\/wp\/v2\/users\/7"}],"replies":[{"embeddable":true,"href":"https:\/\/vinasfm.com\/noticias\/wp-json\/wp\/v2\/comments?post=133460"}],"version-history":[{"count":1,"href":"https:\/\/vinasfm.com\/noticias\/wp-json\/wp\/v2\/posts\/133460\/revisions"}],"predecessor-version":[{"id":133462,"href":"https:\/\/vinasfm.com\/noticias\/wp-json\/wp\/v2\/posts\/133460\/revisions\/133462"}],"wp:featuredmedia":[{"embeddable":true,"href":"https:\/\/vinasfm.com\/noticias\/wp-json\/wp\/v2\/media\/133461"}],"wp:attachment":[{"href":"https:\/\/vinasfm.com\/noticias\/wp-json\/wp\/v2\/media?parent=133460"}],"wp:term":[{"taxonomy":"category","embeddable":true,"href":"https:\/\/vinasfm.com\/noticias\/wp-json\/wp\/v2\/categories?post=133460"},{"taxonomy":"post_tag","embeddable":true,"href":"https:\/\/vinasfm.com\/noticias\/wp-json\/wp\/v2\/tags?post=133460"}],"curies":[{"name":"wp","href":"https:\/\/api.w.org\/{rel}","templated":true}]}}