{"id":133457,"date":"2024-03-18T12:20:27","date_gmt":"2024-03-18T15:20:27","guid":{"rendered":"https:\/\/vinasfm.com\/noticias\/?p=133457"},"modified":"2024-03-19T10:05:22","modified_gmt":"2024-03-19T13:05:22","slug":"se-abren-las-inscripciones-al-curso-de-construccion-en-seco","status":"publish","type":"post","link":"https:\/\/vinasfm.com\/noticias\/se-abren-las-inscripciones-al-curso-de-construccion-en-seco\/","title":{"rendered":"COMIENZA EL CURSO DE CONSTRUCCI\u00d3N EN SECO EN LA DIRECCI\u00d3N DE EDUCACI\u00d3N"},"content":{"rendered":"<p><span style=\"color: #000000;\"><strong>Comenzaron las inscripciones para el curso de Auxiliar en Construcci\u00f3n en Seco, que es absolutamente gratuito y destinado al p\u00fablico en general, los interesados deben ser mayor de 18 a\u00f1os y tener el primario completo. Para inscribirse deben acercarse a la Direcci\u00f3n de Educaci\u00f3n.\u00a0\u00a0<\/strong><\/span><\/p>\n<p><span style=\"color: #000000;\">El Director de Educaci\u00f3n Jos\u00e9 Mor\u00e1n dijo<em><strong> \u201cen esta ocasi\u00f3n se trata de una capacitaci\u00f3n con salida laboral, este taller de construcci\u00f3n en seco les brinda la posibilidad de poder conseguir trabajo de modo bastante r\u00e1pido, este tipo de formaci\u00f3n tienen mucha salida laboral\u201d.<\/strong><\/em><\/span><\/p>\n<p><span style=\"color: #000000;\">El taller cosiste de en 100hs reloj (30hs de pr\u00e1ctica formativa y 70hs de pr\u00e1ctica profesional) con una duraci\u00f3n de 2 meses aproximadamente, <strong><em>\u201ctiene una certificaci\u00f3n de Naci\u00f3n y la parte t\u00e9cnica y trabajo de parte de la provincia, el dictado se realizar\u00e1 la parte te\u00f3rica en nuestra oficina de educaci\u00f3n en Chapeaurouge 15 y la parte pr\u00e1ctica en la UGACOOP\u201d.<\/em><\/strong><\/span><\/p>\n<p><span style=\"color: #000000;\"><strong><em>\u201cTodos los interesados se pueden inscribir en nuestra oficina de la Direcci\u00f3n de Educaci\u00f3n y quiero comunicarles que el curso es con cupos limitados porque tiene mucha demanda, hay dos horarios distintos de 14 a 16hs y de 17 a 19h los lunes, mi\u00e9rcoles y viernes, y es absolutamente gratuitos\u201d, <\/em><\/strong>culmin\u00f3 el Director de Educaci\u00f3n.<\/span><\/p>\n","protected":false},"excerpt":{"rendered":"<p>Comenzaron las inscripciones para el curso de Auxiliar en Construcci\u00f3n en Seco, que es absolutamente gratuito y destinado al p\u00fablico en &#8230;<\/p>\n","protected":false},"author":7,"featured_media":133458,"comment_status":"open","ping_status":"open","sticky":false,"template":"","format":"standard","meta":{"footnotes":""},"categories":[5,10],"tags":[],"class_list":["post-133457","post","type-post","status-publish","format-standard","has-post-thumbnail","hentry","category-actualidad","category-destacadas"],"_links":{"self":[{"href":"https:\/\/vinasfm.com\/noticias\/wp-json\/wp\/v2\/posts\/133457","targetHints":{"allow":["GET"]}}],"collection":[{"href":"https:\/\/vinasfm.com\/noticias\/wp-json\/wp\/v2\/posts"}],"about":[{"href":"https:\/\/vinasfm.com\/noticias\/wp-json\/wp\/v2\/types\/post"}],"author":[{"embeddable":true,"href":"https:\/\/vinasfm.com\/noticias\/wp-json\/wp\/v2\/users\/7"}],"replies":[{"embeddable":true,"href":"https:\/\/vinasfm.com\/noticias\/wp-json\/wp\/v2\/comments?post=133457"}],"version-history":[{"count":3,"href":"https:\/\/vinasfm.com\/noticias\/wp-json\/wp\/v2\/posts\/133457\/revisions"}],"predecessor-version":[{"id":133493,"href":"https:\/\/vinasfm.com\/noticias\/wp-json\/wp\/v2\/posts\/133457\/revisions\/133493"}],"wp:featuredmedia":[{"embeddable":true,"href":"https:\/\/vinasfm.com\/noticias\/wp-json\/wp\/v2\/media\/133458"}],"wp:attachment":[{"href":"https:\/\/vinasfm.com\/noticias\/wp-json\/wp\/v2\/media?parent=133457"}],"wp:term":[{"taxonomy":"category","embeddable":true,"href":"https:\/\/vinasfm.com\/noticias\/wp-json\/wp\/v2\/categories?post=133457"},{"taxonomy":"post_tag","embeddable":true,"href":"https:\/\/vinasfm.com\/noticias\/wp-json\/wp\/v2\/tags?post=133457"}],"curies":[{"name":"wp","href":"https:\/\/api.w.org\/{rel}","templated":true}]}}