{"id":133367,"date":"2024-03-15T09:04:12","date_gmt":"2024-03-15T12:04:12","guid":{"rendered":"https:\/\/vinasfm.com\/noticias\/?p=133367"},"modified":"2024-03-16T10:40:33","modified_gmt":"2024-03-16T13:40:33","slug":"el-referente-local-de-la-industria-de-la-fruta-pidio-que-milei-baje-impuestos-a-productos-nacionales","status":"publish","type":"post","link":"https:\/\/vinasfm.com\/noticias\/el-referente-local-de-la-industria-de-la-fruta-pidio-que-milei-baje-impuestos-a-productos-nacionales\/","title":{"rendered":"EL REFERENTE LOCAL DE LA INDUSTRIA DE LA FRUTA PIDI\u00d3 QUE MILEI BAJE IMPUESTOS A PRODUCTOS NACIONALES"},"content":{"rendered":"<p><span style=\"color: #000000;\"><strong>El titular de la C\u00e1mara de la Fruta Industrializada de Mendoza, Ra\u00fal Giordano, cuestion\u00f3 la apertura que dispuso Naci\u00f3n para importar productos de la canasta b\u00e1sica antes de beneficiar a los productores locales.<\/strong><\/span><\/p>\n<article class=\"article-body first\">\n<div class=\"article-content\">\n<div class=\"cuerpo\" data-twitter-link=\"\">\n<p><span style=\"color: #000000;\">La medida de\u00a0<strong>apertura de las importaciones para productos de la canasta b\u00e1sica y medicamentos<\/strong>\u00a0no ha ca\u00eddo bien en el sector industrial de alimentos y mucho menos entre quienes poseen una pyme.<\/span><\/p>\n<\/div>\n<\/div>\n<\/article>\n<article class=\"article-body\">\n<div class=\"article-content\">\n<div class=\"cuerpo\" data-twitter-link=\"\">\n<p><span style=\"color: #000000;\">Esta vez fue\u00a0<strong>Ra\u00fal Giordano<\/strong>, presidente de la\u00a0<strong>C\u00e1mara de la Fruta Industrializada<\/strong>, el referente que realiz\u00f3 el mismo planteo que vienen haciendo otros representantes de las agrupaciones y c\u00e1maras donde se nuclean los productores:<strong>\u00a0si a los productos internacionales no se les va a cobrar impuestos, ese beneficio podr\u00eda ser para la industria nacional.<\/strong><\/span><\/p>\n<article class=\"article-body third-p\">\n<div class=\"article-content\">\n<div class=\"cuerpo\" data-twitter-link=\"\">\n<h2><span style=\"color: #000000;\">Sorpresa y enojo entre las pymes<\/span><\/h2>\n<p><span style=\"color: #000000;\">L<strong>a reacci\u00f3n ante la medida impulsada por Javier Milei<\/strong>\u00a0ha sido muy similar para el<strong>\u00a0sector<\/strong>\u00a0industrial de la\u00a0<strong>peque\u00f1a y mediana empresa<\/strong>:\u00a0<strong>sorpresa y enojo casi en paralelo.<\/strong><\/span><\/p>\n<p><span style=\"color: #000000;\"><strong>Giordano<\/strong>\u00a0asegur\u00f3 que \u00ab<strong>no nos esper\u00e1bamos la implementaci\u00f3n intempestiva de esta medida. Hac\u00eda falta analizar el riesgo en el que quedan las econom\u00edas regionales en este contexto, que ya ven\u00edan muy golpeadas\u00bb.<\/strong><\/span><\/p>\n<p><span style=\"color: #000000;\">El referente de la C\u00e1mara de la Fruta Industrializada\u00a0<strong>asever\u00f3 que quiz\u00e1s podr\u00eda haberse tomado una medida de este tipo, pero no ahora.<\/strong>\u00a0<em><strong>\u00abReci\u00e9n estamos saliendo de un periodo en el que no consegu\u00edamos insumos, como plaguicidas o fertilizantes\u00bb.<\/strong><\/em><\/span><\/p>\n<p><span style=\"color: #000000;\">Tambi\u00e9n y como era de esperarse,\u00a0<strong>hizo referencia a la p\u00e9rdida de puestos de trabajo que puede ocurrir\u00a0<\/strong>de implementarse plenamente esta determinaci\u00f3n.<\/span><\/p>\n<h2><span style=\"color: #000000;\">Piden bajar impuestos productos de la Canasta B\u00e1sica<\/span><\/h2>\n<p><span style=\"color: #000000;\"><strong>Giordano reafirm\u00f3\u00a0<\/strong>l<strong>a propuesta que realiz\u00f3 este mi\u00e9rcoles Alejandro Bestani: si quieren generar competitividad como forma de que el mercado se autorregule<\/strong>\u00a0y los precios bajen, una buena medida ser\u00eda que les\u00a0<strong>quiten impuestos a los productos locales\u00a0<\/strong>y as\u00ed bajar\u00edan los precios.<\/span><\/p>\n<p><span style=\"color: #000000;\">Seg\u00fan Bestani,\u00a0<strong>de $100 que cuesta un elemento de la Canasta B\u00e1sica, $48 corresponden a impuestos<\/strong>.<\/span><\/p>\n<p><span style=\"color: #000000;\">A esto se le sum\u00f3\u00a0<strong>Giordano<\/strong>,\u00a0<strong>quien explic\u00f3 que Importar productos no es algo que se pueda hacer de un d\u00eda para el otro. Entre todos los tr\u00e1mites que esto requiere, reci\u00e9n a fin de a\u00f1o podr\u00edan estar a la venta, compitiendo en el mercado local.<\/strong><\/span><\/p>\n<p><span style=\"color: #000000;\">En cambio, explic\u00f3 que una quita de impuestos a los productos de la Canasta B\u00e1sica\u00a0<strong>es una medida que genera un beneficio inmediato<\/strong>.<\/span><\/p>\n<\/div>\n<\/div>\n<\/article>\n<div class=\"social-sidebar\">\n<div class=\"mail\"><\/div>\n<\/div>\n<\/div>\n<\/div>\n<\/article>\n","protected":false},"excerpt":{"rendered":"<p>El titular de la C\u00e1mara de la Fruta Industrializada de Mendoza, Ra\u00fal Giordano, cuestion\u00f3 la apertura que dispuso Naci\u00f3n para importar &#8230;<\/p>\n","protected":false},"author":7,"featured_media":133368,"comment_status":"open","ping_status":"open","sticky":false,"template":"","format":"standard","meta":{"footnotes":""},"categories":[5],"tags":[],"class_list":["post-133367","post","type-post","status-publish","format-standard","has-post-thumbnail","hentry","category-actualidad"],"_links":{"self":[{"href":"https:\/\/vinasfm.com\/noticias\/wp-json\/wp\/v2\/posts\/133367","targetHints":{"allow":["GET"]}}],"collection":[{"href":"https:\/\/vinasfm.com\/noticias\/wp-json\/wp\/v2\/posts"}],"about":[{"href":"https:\/\/vinasfm.com\/noticias\/wp-json\/wp\/v2\/types\/post"}],"author":[{"embeddable":true,"href":"https:\/\/vinasfm.com\/noticias\/wp-json\/wp\/v2\/users\/7"}],"replies":[{"embeddable":true,"href":"https:\/\/vinasfm.com\/noticias\/wp-json\/wp\/v2\/comments?post=133367"}],"version-history":[{"count":1,"href":"https:\/\/vinasfm.com\/noticias\/wp-json\/wp\/v2\/posts\/133367\/revisions"}],"predecessor-version":[{"id":133369,"href":"https:\/\/vinasfm.com\/noticias\/wp-json\/wp\/v2\/posts\/133367\/revisions\/133369"}],"wp:featuredmedia":[{"embeddable":true,"href":"https:\/\/vinasfm.com\/noticias\/wp-json\/wp\/v2\/media\/133368"}],"wp:attachment":[{"href":"https:\/\/vinasfm.com\/noticias\/wp-json\/wp\/v2\/media?parent=133367"}],"wp:term":[{"taxonomy":"category","embeddable":true,"href":"https:\/\/vinasfm.com\/noticias\/wp-json\/wp\/v2\/categories?post=133367"},{"taxonomy":"post_tag","embeddable":true,"href":"https:\/\/vinasfm.com\/noticias\/wp-json\/wp\/v2\/tags?post=133367"}],"curies":[{"name":"wp","href":"https:\/\/api.w.org\/{rel}","templated":true}]}}