{"id":133315,"date":"2024-03-13T18:06:42","date_gmt":"2024-03-13T21:06:42","guid":{"rendered":"https:\/\/vinasfm.com\/noticias\/?p=133315"},"modified":"2024-03-14T11:14:08","modified_gmt":"2024-03-14T14:14:08","slug":"la-comuna-trabaja-realizando-mejoras-en-calles-de-bowen","status":"publish","type":"post","link":"https:\/\/vinasfm.com\/noticias\/la-comuna-trabaja-realizando-mejoras-en-calles-de-bowen\/","title":{"rendered":"LA COMUNA TRABAJA REALIZANDO MEJORAS EN CALLES DE BOWEN"},"content":{"rendered":"<p><strong>En el distrito de Bowen se est\u00e1n llevando a cabo diferentes trabajos para mejorar las condiciones de las calles, con el objetivo de garantizar la seguridad y durabilidad en diferentes v\u00edas de circulaci\u00f3n.<\/strong><\/p>\n<p>Las diversas acciones incluyen: relleno, apertura de cunetas y desmalezado, m\u00e1s el uso de materiales como arena y enripiado.<\/p>\n<p>El relleno en las calles no solo contribuye a nivelar y reparar posibles deterioros en la superficie, sino que tambi\u00e9n es fundamental para asegurar una circulaci\u00f3n m\u00e1s segura y fluida para todos los habitantes. La apertura de cunetas, por su parte, juega un papel crucial en el adecuado drenaje del agua pluvial, evitando as\u00ed posibles inundaciones y da\u00f1os a la infraestructura vial.<\/p>\n<p><a href=\"https:\/\/vinasfm.com\/noticias\/wp-content\/uploads\/2024\/03\/IMG-20240313-WA0064.jpg\"><img loading=\"lazy\" decoding=\"async\" class=\"alignnone size-medium wp-image-133316\" src=\"https:\/\/vinasfm.com\/noticias\/wp-content\/uploads\/2024\/03\/IMG-20240313-WA0064-300x169.jpg\" alt=\"\" width=\"300\" height=\"169\" srcset=\"https:\/\/vinasfm.com\/noticias\/wp-content\/uploads\/2024\/03\/IMG-20240313-WA0064-300x169.jpg 300w, https:\/\/vinasfm.com\/noticias\/wp-content\/uploads\/2024\/03\/IMG-20240313-WA0064-1024x576.jpg 1024w, https:\/\/vinasfm.com\/noticias\/wp-content\/uploads\/2024\/03\/IMG-20240313-WA0064-768x432.jpg 768w, https:\/\/vinasfm.com\/noticias\/wp-content\/uploads\/2024\/03\/IMG-20240313-WA0064-1536x864.jpg 1536w, https:\/\/vinasfm.com\/noticias\/wp-content\/uploads\/2024\/03\/IMG-20240313-WA0064-750x420.jpg 750w, https:\/\/vinasfm.com\/noticias\/wp-content\/uploads\/2024\/03\/IMG-20240313-WA0064-1140x641.jpg 1140w, https:\/\/vinasfm.com\/noticias\/wp-content\/uploads\/2024\/03\/IMG-20240313-WA0064.jpg 1600w\" sizes=\"auto, (max-width: 300px) 100vw, 300px\" \/><\/a> <a href=\"https:\/\/vinasfm.com\/noticias\/wp-content\/uploads\/2024\/03\/IMG-20240313-WA0065.jpg\"><img loading=\"lazy\" decoding=\"async\" class=\"alignnone size-medium wp-image-133317\" src=\"https:\/\/vinasfm.com\/noticias\/wp-content\/uploads\/2024\/03\/IMG-20240313-WA0065-300x169.jpg\" alt=\"\" width=\"300\" height=\"169\" srcset=\"https:\/\/vinasfm.com\/noticias\/wp-content\/uploads\/2024\/03\/IMG-20240313-WA0065-300x169.jpg 300w, https:\/\/vinasfm.com\/noticias\/wp-content\/uploads\/2024\/03\/IMG-20240313-WA0065-1024x576.jpg 1024w, https:\/\/vinasfm.com\/noticias\/wp-content\/uploads\/2024\/03\/IMG-20240313-WA0065-768x432.jpg 768w, https:\/\/vinasfm.com\/noticias\/wp-content\/uploads\/2024\/03\/IMG-20240313-WA0065-1536x864.jpg 1536w, https:\/\/vinasfm.com\/noticias\/wp-content\/uploads\/2024\/03\/IMG-20240313-WA0065-750x420.jpg 750w, https:\/\/vinasfm.com\/noticias\/wp-content\/uploads\/2024\/03\/IMG-20240313-WA0065-1140x641.jpg 1140w, https:\/\/vinasfm.com\/noticias\/wp-content\/uploads\/2024\/03\/IMG-20240313-WA0065.jpg 1600w\" sizes=\"auto, (max-width: 300px) 100vw, 300px\" \/><\/a><\/p>\n<p><strong><em>\u201cSe est\u00e1n realizando trabajos de arreglo en calles de Bowen, incluyendo relleno, apertura de cunetas y desmalezado en el casco c\u00e9ntrico. Se est\u00e1 utilizando material como arena y enripiado para mejorar la durabilidad de las calles\u201d<\/em><\/strong>, dijo el Director de Servicios P\u00fablicos \u00c1ngel Mart\u00ednez.<\/p>\n<p>La obra, que fue visitada por el mismo Intendente Alejandro Molero lleva m\u00e1s de tres kil\u00f3metros de calles sobre Artaza, Pringles, Moreno y Uriburu.<\/p>\n<p>Griselda, vecina de Bowen, habl\u00f3 con la prensa y remarc\u00f3 que est\u00e1n contentos porque finalmente las autoridades est\u00e1n tomando medidas para solucionar problemas de inundaciones en las calles. <strong><em>\u201cLa delegada y Molero (por el Intendente) est\u00e1n trabajando juntos para escuchar los planteos de los vecinos y buscar soluciones. La colaboraci\u00f3n entre vecinos y autoridades est\u00e1 dando resultados positivos\u201d<\/em><\/strong>, opin\u00f3.<\/p>\n","protected":false},"excerpt":{"rendered":"<p>En el distrito de Bowen se est\u00e1n llevando a cabo diferentes trabajos para mejorar las condiciones de las calles, con el &#8230;<\/p>\n","protected":false},"author":7,"featured_media":133319,"comment_status":"open","ping_status":"open","sticky":false,"template":"","format":"standard","meta":{"footnotes":""},"categories":[5,29],"tags":[],"class_list":["post-133315","post","type-post","status-publish","format-standard","has-post-thumbnail","hentry","category-actualidad","category-obras-y-servicios"],"_links":{"self":[{"href":"https:\/\/vinasfm.com\/noticias\/wp-json\/wp\/v2\/posts\/133315","targetHints":{"allow":["GET"]}}],"collection":[{"href":"https:\/\/vinasfm.com\/noticias\/wp-json\/wp\/v2\/posts"}],"about":[{"href":"https:\/\/vinasfm.com\/noticias\/wp-json\/wp\/v2\/types\/post"}],"author":[{"embeddable":true,"href":"https:\/\/vinasfm.com\/noticias\/wp-json\/wp\/v2\/users\/7"}],"replies":[{"embeddable":true,"href":"https:\/\/vinasfm.com\/noticias\/wp-json\/wp\/v2\/comments?post=133315"}],"version-history":[{"count":1,"href":"https:\/\/vinasfm.com\/noticias\/wp-json\/wp\/v2\/posts\/133315\/revisions"}],"predecessor-version":[{"id":133320,"href":"https:\/\/vinasfm.com\/noticias\/wp-json\/wp\/v2\/posts\/133315\/revisions\/133320"}],"wp:featuredmedia":[{"embeddable":true,"href":"https:\/\/vinasfm.com\/noticias\/wp-json\/wp\/v2\/media\/133319"}],"wp:attachment":[{"href":"https:\/\/vinasfm.com\/noticias\/wp-json\/wp\/v2\/media?parent=133315"}],"wp:term":[{"taxonomy":"category","embeddable":true,"href":"https:\/\/vinasfm.com\/noticias\/wp-json\/wp\/v2\/categories?post=133315"},{"taxonomy":"post_tag","embeddable":true,"href":"https:\/\/vinasfm.com\/noticias\/wp-json\/wp\/v2\/tags?post=133315"}],"curies":[{"name":"wp","href":"https:\/\/api.w.org\/{rel}","templated":true}]}}