{"id":133299,"date":"2024-03-13T10:22:26","date_gmt":"2024-03-13T13:22:26","guid":{"rendered":"https:\/\/vinasfm.com\/noticias\/?p=133299"},"modified":"2024-03-14T09:51:17","modified_gmt":"2024-03-14T12:51:17","slug":"llega-una-nueva-edicion-del-festival-del-alamo","status":"publish","type":"post","link":"https:\/\/vinasfm.com\/noticias\/llega-una-nueva-edicion-del-festival-del-alamo\/","title":{"rendered":"LLEGA UNA NUEVA EDICI\u00d3N DEL FESTIVAL DEL \u00c1LAMO"},"content":{"rendered":"<p><span style=\"color: #000000;\"><strong>Ser\u00e1 los d\u00edas 15 y 16 de marzo, en el predio del Club Col\u00f3n. <\/strong><\/span><\/p>\n<p><span style=\"color: #000000;\">El presidente del Club, Gonzalo \u201dTete\u201d Gim\u00e9nez, se\u00f1al\u00f3 que <strong><em>\u201cse ha trabajo mucho para el retorno de este festival que tanto anhelaba la comunidad de Col\u00f3n. Los d\u00edas 15 y 16 ser\u00e1n dos noches de puro folclore para el deleite de los presentes\u201d. <\/em><\/strong><\/span><\/p>\n<p><span style=\"color: #000000;\">Ser\u00e1n 14 bandas y artistas que se presentar\u00e1n en el escenario, destacados a nivel local como tambi\u00e9n a nivel nacional. Algunos de ellos son <em>Los Cantores del Alba, Algarroba.com, Los Manyines de Cuyo, Emanuel Mansilla y Los Amadeos, Las Voces de AYEL\u00c9N Y Marcos Su\u00e1rez.<\/em><\/span><\/p>\n<p><img loading=\"lazy\" decoding=\"async\" class=\"\" src=\"https:\/\/scontent.fmdz10-1.fna.fbcdn.net\/v\/t39.30808-6\/430804038_976014140528880_4359117419155829668_n.jpg?stp=dst-jpg_p600x600&amp;_nc_cat=108&amp;ccb=1-7&amp;_nc_sid=5f2048&amp;_nc_ohc=yYG1d8DvUOgAX-6o1U0&amp;_nc_ht=scontent.fmdz10-1.fna&amp;oh=00_AfBa8eK3M4iETerBXO2ARZefi-tNYGKZTNJ9UVDaZcqyQw&amp;oe=65F6402D\" width=\"308\" height=\"308\" \/> <img loading=\"lazy\" decoding=\"async\" class=\"\" src=\"https:\/\/scontent.fmdz10-1.fna.fbcdn.net\/v\/t39.30808-6\/432757962_976014137195547_9079831733394203939_n.jpg?stp=dst-jpg_p600x600&amp;_nc_cat=109&amp;ccb=1-7&amp;_nc_sid=5f2048&amp;_nc_ohc=q4rWZpwRvTQAX9-CjAQ&amp;_nc_ht=scontent.fmdz10-1.fna&amp;oh=00_AfA0yM_oOZr9w0q_FSbf9Oz6DlikvOr1ZeT1NUxYNl5MhA&amp;oe=65F61E96\" width=\"308\" height=\"308\" \/><\/p>\n<p><span style=\"color: #000000;\"><strong><em>\u201cEn un contexto en donde se han cerrada muchos festivales en todo el pa\u00eds, para nosotros es un orgullo haber logrado el retorno del Festival del \u00c1lamo, sobre todo porque los alvearenses nos merecemos tener estos eventos\u201d,<\/em><\/strong> expres\u00f3 Gim\u00e9nez.<\/span><\/p>\n","protected":false},"excerpt":{"rendered":"<p>Ser\u00e1 los d\u00edas 15 y 16 de marzo, en el predio del Club Col\u00f3n. El presidente del Club, Gonzalo \u201dTete\u201d Gim\u00e9nez, &#8230;<\/p>\n","protected":false},"author":7,"featured_media":133305,"comment_status":"open","ping_status":"open","sticky":false,"template":"","format":"standard","meta":{"footnotes":""},"categories":[5,10],"tags":[],"class_list":["post-133299","post","type-post","status-publish","format-standard","has-post-thumbnail","hentry","category-actualidad","category-destacadas"],"_links":{"self":[{"href":"https:\/\/vinasfm.com\/noticias\/wp-json\/wp\/v2\/posts\/133299","targetHints":{"allow":["GET"]}}],"collection":[{"href":"https:\/\/vinasfm.com\/noticias\/wp-json\/wp\/v2\/posts"}],"about":[{"href":"https:\/\/vinasfm.com\/noticias\/wp-json\/wp\/v2\/types\/post"}],"author":[{"embeddable":true,"href":"https:\/\/vinasfm.com\/noticias\/wp-json\/wp\/v2\/users\/7"}],"replies":[{"embeddable":true,"href":"https:\/\/vinasfm.com\/noticias\/wp-json\/wp\/v2\/comments?post=133299"}],"version-history":[{"count":1,"href":"https:\/\/vinasfm.com\/noticias\/wp-json\/wp\/v2\/posts\/133299\/revisions"}],"predecessor-version":[{"id":133301,"href":"https:\/\/vinasfm.com\/noticias\/wp-json\/wp\/v2\/posts\/133299\/revisions\/133301"}],"wp:featuredmedia":[{"embeddable":true,"href":"https:\/\/vinasfm.com\/noticias\/wp-json\/wp\/v2\/media\/133305"}],"wp:attachment":[{"href":"https:\/\/vinasfm.com\/noticias\/wp-json\/wp\/v2\/media?parent=133299"}],"wp:term":[{"taxonomy":"category","embeddable":true,"href":"https:\/\/vinasfm.com\/noticias\/wp-json\/wp\/v2\/categories?post=133299"},{"taxonomy":"post_tag","embeddable":true,"href":"https:\/\/vinasfm.com\/noticias\/wp-json\/wp\/v2\/tags?post=133299"}],"curies":[{"name":"wp","href":"https:\/\/api.w.org\/{rel}","templated":true}]}}