{"id":133248,"date":"2024-03-12T10:28:32","date_gmt":"2024-03-12T13:28:32","guid":{"rendered":"https:\/\/vinasfm.com\/noticias\/?p=133248"},"modified":"2024-03-13T08:32:16","modified_gmt":"2024-03-13T11:32:16","slug":"como-tramitar-la-ciudadania-espanola-en-alvear","status":"publish","type":"post","link":"https:\/\/vinasfm.com\/noticias\/como-tramitar-la-ciudadania-espanola-en-alvear\/","title":{"rendered":"C\u00d3MO TRAMITAR LA CIUDADAN\u00cdA ESPA\u00d1OLA EN ALVEAR"},"content":{"rendered":"<p><strong>Fue extendida por el plazo de un a\u00f1o la Ley de Niesto, la cual permite a nietos y bisnietos tramitar la ciudadan\u00eda espa\u00f1ola. El plazo se extiende hasta octubre del 2025.<\/strong><\/p>\n<p>Las abogadas Valeria L\u00f3pez y Juana Otero, del estudio VJ Asesoramiento Jur\u00eddico, explicaron que <strong><em>\u201cla ciudadan\u00eda permite, entre otras cosas, la posibilidad de obtener el pasaporte que permitir\u00e1 el ingreso a pa\u00edses de la Uni\u00f3n Europea y viajar sin la necesidad de tramitar la Visa de Turista. Al obtener la ciudadan\u00eda tendr\u00e1 los mismos derechos que un ciudadano espa\u00f1ol de nacimiento\u201d.<\/em><\/strong><\/p>\n<p>Sobre el tramite para obtener la ciudadan\u00eda se\u00f1alaron que \u00a0<em><strong>\u00abno es complicado, aunque lo m\u00e1s dif\u00edcil es obtener los documentos de los antepasados espa\u00f1oles, pero una vez obtenidos, los tr\u00e1mites son m\u00e1s f\u00e1ciles de realizar en Argentina. Solo se pide la partida de nacimiento del abuelo espa\u00f1ol y, en caso de haber renunciado a la ciudadan\u00eda, el certificado correspondiente. Nosotras tenemos acceso a los registros de Espa\u00f1a y los mandamos a pedir, cuando obtenemos los documentos solicitamos el turno al Consulado correspondiente\u00bb.<\/strong><\/em><\/p>\n<h2>LEY DE NIETOS<\/h2>\n<p>La\u00a0<b>Ley de Nietos<\/b>\u00a0permite que hijos y nietos de personas nacidas en\u00a0Espa\u00f1a\u00a0y exiliadas durante el\u00a0<b>franquismo<\/b>\u00a0puedan ser beneficiarios de la\u00a0ciudadan\u00eda espa\u00f1ola de forma directa, sin necesidad de vivir en el pa\u00eds por un lapso m\u00ednimo determinado. Los tres nuevos grupos afectados por la nueva ley son:<\/p>\n<ul>\n<li><b>Personas nacidas fuera de Espa\u00f1a<\/b>\u00a0de padre o madre, abuelo o abuela, que originariamente hubieran sido espa\u00f1oles, y que, como consecuencia de haber sufrido exilio por razones pol\u00edticas, ideol\u00f3gicas o de creencia o de orientaci\u00f3n e identidad sexual, hubieran perdido o renunciado a la nacionalidad espa\u00f1ola.<\/li>\n<li>Los\u00a0<b>hijos e hijas nacidos en el exterior<\/b>\u00a0de mujeres espa\u00f1olas que perdieron su nacionalidad por casarse con extranjeros antes de la entrada en vigor de la\u00a0<b>Constituci\u00f3n de 1978.<\/b><\/li>\n<li>Los\u00a0<b>hijos e hijas mayores de edad<\/b>\u00a0de aquellos espa\u00f1oles a quienes les fue reconocida su nacionalidad de origen en virtud del derecho de opci\u00f3n de acuerdo a lo dispuesto en la presente ley o en la disposici\u00f3n adicional s\u00e9ptima de la Ley 52\/2007, de 26 de diciembre.<\/li>\n<\/ul>\n","protected":false},"excerpt":{"rendered":"<p>Fue extendida por el plazo de un a\u00f1o la Ley de Niesto, la cual permite a nietos y bisnietos tramitar la &#8230;<\/p>\n","protected":false},"author":7,"featured_media":133251,"comment_status":"open","ping_status":"open","sticky":false,"template":"","format":"standard","meta":{"footnotes":""},"categories":[5,11],"tags":[],"class_list":["post-133248","post","type-post","status-publish","format-standard","has-post-thumbnail","hentry","category-actualidad","category-sociales"],"_links":{"self":[{"href":"https:\/\/vinasfm.com\/noticias\/wp-json\/wp\/v2\/posts\/133248","targetHints":{"allow":["GET"]}}],"collection":[{"href":"https:\/\/vinasfm.com\/noticias\/wp-json\/wp\/v2\/posts"}],"about":[{"href":"https:\/\/vinasfm.com\/noticias\/wp-json\/wp\/v2\/types\/post"}],"author":[{"embeddable":true,"href":"https:\/\/vinasfm.com\/noticias\/wp-json\/wp\/v2\/users\/7"}],"replies":[{"embeddable":true,"href":"https:\/\/vinasfm.com\/noticias\/wp-json\/wp\/v2\/comments?post=133248"}],"version-history":[{"count":2,"href":"https:\/\/vinasfm.com\/noticias\/wp-json\/wp\/v2\/posts\/133248\/revisions"}],"predecessor-version":[{"id":133280,"href":"https:\/\/vinasfm.com\/noticias\/wp-json\/wp\/v2\/posts\/133248\/revisions\/133280"}],"wp:featuredmedia":[{"embeddable":true,"href":"https:\/\/vinasfm.com\/noticias\/wp-json\/wp\/v2\/media\/133251"}],"wp:attachment":[{"href":"https:\/\/vinasfm.com\/noticias\/wp-json\/wp\/v2\/media?parent=133248"}],"wp:term":[{"taxonomy":"category","embeddable":true,"href":"https:\/\/vinasfm.com\/noticias\/wp-json\/wp\/v2\/categories?post=133248"},{"taxonomy":"post_tag","embeddable":true,"href":"https:\/\/vinasfm.com\/noticias\/wp-json\/wp\/v2\/tags?post=133248"}],"curies":[{"name":"wp","href":"https:\/\/api.w.org\/{rel}","templated":true}]}}