{"id":133199,"date":"2024-03-11T09:55:37","date_gmt":"2024-03-11T12:55:37","guid":{"rendered":"https:\/\/vinasfm.com\/noticias\/?p=133199"},"modified":"2024-03-12T10:13:02","modified_gmt":"2024-03-12T13:13:02","slug":"el-programa-alvear-pinta-bien-llego-al-barrio-san-carlos","status":"publish","type":"post","link":"https:\/\/vinasfm.com\/noticias\/el-programa-alvear-pinta-bien-llego-al-barrio-san-carlos\/","title":{"rendered":"EL PROGRAMA \u00abALVEAR PINTA BIEN\u00bb LLEG\u00d3 AL BARRIO SAN CARLOS"},"content":{"rendered":"<p><strong>En el marco de las actividades por el D\u00eda Internacional de la Mujer, se realiz\u00f3 este fin de semana el programa en la plaza del Barrio Smata.<\/strong><\/p>\n<p>El Intendente Alejandro Molero junto a un grupo de funcionarios realizaron trabajos en la plaza, en esta ocasi\u00f3n en conmemoraci\u00f3n al D\u00eda de la Mujer. El programa ayuda a mejorar esos espacios y tambi\u00e9n trabajar en conjunto con los vecinos, escuchar sus ideas e inquietudes para poder mejorar la comunidad.<\/p>\n<p><strong><em>\u201cNos parec\u00eda propicio y con la gente de familia trabajar en esta plaza donde se ven a todos los chicos trabajando, gente de la municipalidad y los vecinos que es importante. Un momento para compartir con ellos tambi\u00e9n y para escucharlos una vez m\u00e1s\u201d<\/em><\/strong>, dijo el Secretario de Gobierno Fabio G\u00f3mez Parra.<\/p>\n<p><a href=\"https:\/\/vinasfm.com\/noticias\/wp-content\/uploads\/2024\/03\/WhatsApp-Image-2024-03-11-at-09.50.12-1.jpeg\"><img loading=\"lazy\" decoding=\"async\" class=\"alignnone wp-image-133201\" src=\"https:\/\/vinasfm.com\/noticias\/wp-content\/uploads\/2024\/03\/WhatsApp-Image-2024-03-11-at-09.50.12-1-1024x576.jpeg\" alt=\"\" width=\"409\" height=\"230\" srcset=\"https:\/\/vinasfm.com\/noticias\/wp-content\/uploads\/2024\/03\/WhatsApp-Image-2024-03-11-at-09.50.12-1-1024x576.jpeg 1024w, https:\/\/vinasfm.com\/noticias\/wp-content\/uploads\/2024\/03\/WhatsApp-Image-2024-03-11-at-09.50.12-1-300x169.jpeg 300w, https:\/\/vinasfm.com\/noticias\/wp-content\/uploads\/2024\/03\/WhatsApp-Image-2024-03-11-at-09.50.12-1-768x432.jpeg 768w, https:\/\/vinasfm.com\/noticias\/wp-content\/uploads\/2024\/03\/WhatsApp-Image-2024-03-11-at-09.50.12-1-1536x864.jpeg 1536w, https:\/\/vinasfm.com\/noticias\/wp-content\/uploads\/2024\/03\/WhatsApp-Image-2024-03-11-at-09.50.12-1-750x420.jpeg 750w, https:\/\/vinasfm.com\/noticias\/wp-content\/uploads\/2024\/03\/WhatsApp-Image-2024-03-11-at-09.50.12-1-1140x641.jpeg 1140w, https:\/\/vinasfm.com\/noticias\/wp-content\/uploads\/2024\/03\/WhatsApp-Image-2024-03-11-at-09.50.12-1.jpeg 1600w\" sizes=\"auto, (max-width: 409px) 100vw, 409px\" \/><\/a> <a href=\"https:\/\/vinasfm.com\/noticias\/wp-content\/uploads\/2024\/03\/WhatsApp-Image-2024-03-11-at-09.50.13.jpeg\"><img loading=\"lazy\" decoding=\"async\" class=\"alignnone wp-image-133202\" src=\"https:\/\/vinasfm.com\/noticias\/wp-content\/uploads\/2024\/03\/WhatsApp-Image-2024-03-11-at-09.50.13-1024x576.jpeg\" alt=\"\" width=\"409\" height=\"230\" srcset=\"https:\/\/vinasfm.com\/noticias\/wp-content\/uploads\/2024\/03\/WhatsApp-Image-2024-03-11-at-09.50.13-1024x576.jpeg 1024w, https:\/\/vinasfm.com\/noticias\/wp-content\/uploads\/2024\/03\/WhatsApp-Image-2024-03-11-at-09.50.13-300x169.jpeg 300w, https:\/\/vinasfm.com\/noticias\/wp-content\/uploads\/2024\/03\/WhatsApp-Image-2024-03-11-at-09.50.13-768x432.jpeg 768w, https:\/\/vinasfm.com\/noticias\/wp-content\/uploads\/2024\/03\/WhatsApp-Image-2024-03-11-at-09.50.13-1536x864.jpeg 1536w, https:\/\/vinasfm.com\/noticias\/wp-content\/uploads\/2024\/03\/WhatsApp-Image-2024-03-11-at-09.50.13-750x420.jpeg 750w, https:\/\/vinasfm.com\/noticias\/wp-content\/uploads\/2024\/03\/WhatsApp-Image-2024-03-11-at-09.50.13-1140x641.jpeg 1140w, https:\/\/vinasfm.com\/noticias\/wp-content\/uploads\/2024\/03\/WhatsApp-Image-2024-03-11-at-09.50.13.jpeg 1600w\" sizes=\"auto, (max-width: 409px) 100vw, 409px\" \/><\/a><\/p>\n<p>La Directora de Familia Gabriela Arzelan explic\u00f3 que en el mes de la Mujer se realizan diversas actividades para celebrar y reconocer los derechos conquistados por las mujeres. <strong><em>\u201cElegir la Plaza de la Mujer es significativo, conquistar espacios, de hacerse un lugar y sobre todo marcando que todav\u00eda hay un mont\u00f3n de cosas para modificar\u201d.<\/em><\/strong><\/p>\n<p>Los vecinos tambi\u00e9n dieron su punto de vista con respecto al trabajo en esa plaza,<strong><em> \u201cest\u00e1n muy contentos con la renovaci\u00f3n de la plaza y la colaboraci\u00f3n del intendente. La verdad que est\u00e1 quedando muy linda la plaza, porque hace muchos a\u00f1os que no le hac\u00edan nada\u201d<\/em><\/strong>, cont\u00f3 Gladys.<\/p>\n","protected":false},"excerpt":{"rendered":"<p>En el marco de las actividades por el D\u00eda Internacional de la Mujer, se realiz\u00f3 este fin de semana el programa &#8230;<\/p>\n","protected":false},"author":7,"featured_media":133200,"comment_status":"open","ping_status":"open","sticky":false,"template":"","format":"standard","meta":{"footnotes":""},"categories":[5,11],"tags":[],"class_list":["post-133199","post","type-post","status-publish","format-standard","has-post-thumbnail","hentry","category-actualidad","category-sociales"],"_links":{"self":[{"href":"https:\/\/vinasfm.com\/noticias\/wp-json\/wp\/v2\/posts\/133199","targetHints":{"allow":["GET"]}}],"collection":[{"href":"https:\/\/vinasfm.com\/noticias\/wp-json\/wp\/v2\/posts"}],"about":[{"href":"https:\/\/vinasfm.com\/noticias\/wp-json\/wp\/v2\/types\/post"}],"author":[{"embeddable":true,"href":"https:\/\/vinasfm.com\/noticias\/wp-json\/wp\/v2\/users\/7"}],"replies":[{"embeddable":true,"href":"https:\/\/vinasfm.com\/noticias\/wp-json\/wp\/v2\/comments?post=133199"}],"version-history":[{"count":1,"href":"https:\/\/vinasfm.com\/noticias\/wp-json\/wp\/v2\/posts\/133199\/revisions"}],"predecessor-version":[{"id":133203,"href":"https:\/\/vinasfm.com\/noticias\/wp-json\/wp\/v2\/posts\/133199\/revisions\/133203"}],"wp:featuredmedia":[{"embeddable":true,"href":"https:\/\/vinasfm.com\/noticias\/wp-json\/wp\/v2\/media\/133200"}],"wp:attachment":[{"href":"https:\/\/vinasfm.com\/noticias\/wp-json\/wp\/v2\/media?parent=133199"}],"wp:term":[{"taxonomy":"category","embeddable":true,"href":"https:\/\/vinasfm.com\/noticias\/wp-json\/wp\/v2\/categories?post=133199"},{"taxonomy":"post_tag","embeddable":true,"href":"https:\/\/vinasfm.com\/noticias\/wp-json\/wp\/v2\/tags?post=133199"}],"curies":[{"name":"wp","href":"https:\/\/api.w.org\/{rel}","templated":true}]}}