{"id":133191,"date":"2024-03-11T09:02:18","date_gmt":"2024-03-11T12:02:18","guid":{"rendered":"https:\/\/vinasfm.com\/noticias\/?p=133191"},"modified":"2024-03-12T10:15:11","modified_gmt":"2024-03-12T13:15:11","slug":"se-duplicaron-los-casos-de-violencia-de-genero-en-alvear","status":"publish","type":"post","link":"https:\/\/vinasfm.com\/noticias\/se-duplicaron-los-casos-de-violencia-de-genero-en-alvear\/","title":{"rendered":"SE DUPLICARON LOS CASOS DE VIOLENCIA DE G\u00c9NERO EN ALVEAR"},"content":{"rendered":"<p><span style=\"color: #000000;\"><strong>En el marco del \u201c8M\u201d la Coordinadora de Mujer y G\u00e9nero de la comuna, Gimena Colombre, alert\u00f3 por la preocupante cifra.<\/strong><\/span><\/p>\n<p><span style=\"color: #000000;\">Cada 8 de marzo se conmemora el \u201cD\u00eda Internacional de la Mujer\u201d, la plaza Carlos Mar\u00eda de Alvear fue el escenario elegido para realizar el acto oficial el pasado viernes. Recordando la conquista de derechos a trav\u00e9s de a\u00f1os de lucha, Colombre defini\u00f3 la posici\u00f3n de la mujer en la sociedad actual; <strong><em>\u201chemos logrado conquistar muchos derechos pero a\u00fan queda mucho trabajo por hacer para lograr erradicar la violencia contra la mujer\u201d.<\/em><\/strong><\/span><\/p>\n<p><span style=\"color: #000000;\">En ese contexto, la Coordinadora de Mujer y G\u00e9nero se\u00f1al\u00f3 que <strong><em>\u201cha habido un incremento significativo en casos de violencia contra la mujer\u201d.<\/em><\/strong> <em>Durante el mes de febrero, en comparaci\u00f3n con el mismo mes del a\u00f1o anterior, se han realizado 36 intervenciones m\u00e1s solo en General Alvear. A nivel nacional, durante los meses de enero y febrero, se han registrado 61 casos de femicidio.<\/em><\/span><\/p>\n<p><span style=\"color: #000000;\"><strong><em>\u201cEn lo que va del a\u00f1o, se han duplicado los casos y por ello hemos tenido que duplicar los esfuerzos para contener a las v\u00edctimas\u201d<\/em><\/strong>, asegur\u00f3 Colombo y destac\u00f3 que <strong><em>\u201cse trata de forma coordinada con la Fiscal\u00eda y el Juzgado de Familia para poder tener un accionar efectivo\u201d. <\/em><\/strong>Finalmente, la Coordinadora sostuvo; <strong><em>\u201cpara erradicar los casos de violencia de g\u00e9nero es necesario hacer un verdadero cambio social\u201d.<\/em><\/strong><\/span><\/p>\n","protected":false},"excerpt":{"rendered":"<p>En el marco del \u201c8M\u201d la Coordinadora de Mujer y G\u00e9nero de la comuna, Gimena Colombre, alert\u00f3 por la preocupante cifra. &#8230;<\/p>\n","protected":false},"author":7,"featured_media":133192,"comment_status":"open","ping_status":"open","sticky":false,"template":"","format":"standard","meta":{"footnotes":""},"categories":[5,10],"tags":[],"class_list":["post-133191","post","type-post","status-publish","format-standard","has-post-thumbnail","hentry","category-actualidad","category-destacadas"],"_links":{"self":[{"href":"https:\/\/vinasfm.com\/noticias\/wp-json\/wp\/v2\/posts\/133191","targetHints":{"allow":["GET"]}}],"collection":[{"href":"https:\/\/vinasfm.com\/noticias\/wp-json\/wp\/v2\/posts"}],"about":[{"href":"https:\/\/vinasfm.com\/noticias\/wp-json\/wp\/v2\/types\/post"}],"author":[{"embeddable":true,"href":"https:\/\/vinasfm.com\/noticias\/wp-json\/wp\/v2\/users\/7"}],"replies":[{"embeddable":true,"href":"https:\/\/vinasfm.com\/noticias\/wp-json\/wp\/v2\/comments?post=133191"}],"version-history":[{"count":1,"href":"https:\/\/vinasfm.com\/noticias\/wp-json\/wp\/v2\/posts\/133191\/revisions"}],"predecessor-version":[{"id":133193,"href":"https:\/\/vinasfm.com\/noticias\/wp-json\/wp\/v2\/posts\/133191\/revisions\/133193"}],"wp:featuredmedia":[{"embeddable":true,"href":"https:\/\/vinasfm.com\/noticias\/wp-json\/wp\/v2\/media\/133192"}],"wp:attachment":[{"href":"https:\/\/vinasfm.com\/noticias\/wp-json\/wp\/v2\/media?parent=133191"}],"wp:term":[{"taxonomy":"category","embeddable":true,"href":"https:\/\/vinasfm.com\/noticias\/wp-json\/wp\/v2\/categories?post=133191"},{"taxonomy":"post_tag","embeddable":true,"href":"https:\/\/vinasfm.com\/noticias\/wp-json\/wp\/v2\/tags?post=133191"}],"curies":[{"name":"wp","href":"https:\/\/api.w.org\/{rel}","templated":true}]}}