{"id":133143,"date":"2024-03-08T09:25:14","date_gmt":"2024-03-08T12:25:14","guid":{"rendered":"https:\/\/vinasfm.com\/noticias\/?p=133143"},"modified":"2024-03-08T09:25:14","modified_gmt":"2024-03-08T12:25:14","slug":"alerta-por-tormentas-y-zonda-estas-son-las-zonas-afectadas-de-mendoza","status":"publish","type":"post","link":"https:\/\/vinasfm.com\/noticias\/alerta-por-tormentas-y-zonda-estas-son-las-zonas-afectadas-de-mendoza\/","title":{"rendered":"ALERTA POR TORMENTAS Y ZONDA: ESTAS SON LAS ZONAS AFECTADAS DE MENDOZA"},"content":{"rendered":"<p><strong>De acuerdo con el reporte de Defensa Civil, el fen\u00f3meno se registrar\u00e1 en horas de la tarde y noche.<\/strong><\/p>\n<p>Contin\u00faa la inestabilidad, el calor y la humedad en Mendoza, lo que har\u00e1 que se registren tormentas en todo el territorio provincial. As\u00ed lo anunci\u00f3 Defensa Civil. Adem\u00e1s, se prev\u00e9 Zonda.<\/p>\n<p>De acuerdo con el comunicado del organismo oficial, las tormentas se registrar\u00e1n en gran parte del territorio provincial, en horas de la tarde.<\/p>\n<p>En tanto, la probabilidad de ocurrencia de viento Zonda se presentar\u00e1 en pre cordillera (Uspallata-Potrerillos) y el departamento de Malarg\u00fce, pudiendo alcanzar zonas bajas del Valle de Uco, Luj\u00e1n de Cuyo, Jun\u00edn y Rivadavia.<\/p>\n<p><img loading=\"lazy\" decoding=\"async\" class=\"\" src=\"https:\/\/i0.wp.com\/newspack-elsol.s3.amazonaws.com\/wp-content\/uploads\/2024\/03\/alerta-por-zonda-.jpg?resize=717%2C726&amp;ssl=1\" width=\"480\" height=\"486\" \/><\/p>\n","protected":false},"excerpt":{"rendered":"<p>De acuerdo con el reporte de Defensa Civil, el fen\u00f3meno se registrar\u00e1 en horas de la tarde y noche. Contin\u00faa la &#8230;<\/p>\n","protected":false},"author":7,"featured_media":128467,"comment_status":"open","ping_status":"open","sticky":false,"template":"","format":"standard","meta":{"footnotes":""},"categories":[1],"tags":[],"class_list":["post-133143","post","type-post","status-publish","format-standard","has-post-thumbnail","hentry","category-fmvinas"],"_links":{"self":[{"href":"https:\/\/vinasfm.com\/noticias\/wp-json\/wp\/v2\/posts\/133143","targetHints":{"allow":["GET"]}}],"collection":[{"href":"https:\/\/vinasfm.com\/noticias\/wp-json\/wp\/v2\/posts"}],"about":[{"href":"https:\/\/vinasfm.com\/noticias\/wp-json\/wp\/v2\/types\/post"}],"author":[{"embeddable":true,"href":"https:\/\/vinasfm.com\/noticias\/wp-json\/wp\/v2\/users\/7"}],"replies":[{"embeddable":true,"href":"https:\/\/vinasfm.com\/noticias\/wp-json\/wp\/v2\/comments?post=133143"}],"version-history":[{"count":1,"href":"https:\/\/vinasfm.com\/noticias\/wp-json\/wp\/v2\/posts\/133143\/revisions"}],"predecessor-version":[{"id":133144,"href":"https:\/\/vinasfm.com\/noticias\/wp-json\/wp\/v2\/posts\/133143\/revisions\/133144"}],"wp:featuredmedia":[{"embeddable":true,"href":"https:\/\/vinasfm.com\/noticias\/wp-json\/wp\/v2\/media\/128467"}],"wp:attachment":[{"href":"https:\/\/vinasfm.com\/noticias\/wp-json\/wp\/v2\/media?parent=133143"}],"wp:term":[{"taxonomy":"category","embeddable":true,"href":"https:\/\/vinasfm.com\/noticias\/wp-json\/wp\/v2\/categories?post=133143"},{"taxonomy":"post_tag","embeddable":true,"href":"https:\/\/vinasfm.com\/noticias\/wp-json\/wp\/v2\/tags?post=133143"}],"curies":[{"name":"wp","href":"https:\/\/api.w.org\/{rel}","templated":true}]}}