{"id":133027,"date":"2024-03-05T18:51:44","date_gmt":"2024-03-05T21:51:44","guid":{"rendered":"https:\/\/vinasfm.com\/noticias\/?p=133027"},"modified":"2024-03-06T10:26:50","modified_gmt":"2024-03-06T13:26:50","slug":"la-uncuyo-promociona-carreras-en-alvear","status":"publish","type":"post","link":"https:\/\/vinasfm.com\/noticias\/la-uncuyo-promociona-carreras-en-alvear\/","title":{"rendered":"LA UNCUYO PROMOCIONA CARRERAS EN ALVEAR"},"content":{"rendered":"<p><strong>La Facultad de Ciencias Exactas y Naturales de la UNCuyo, ubicada en la Escuela de Agricultura, sali\u00f3 a promocionar carreras en General Alvear.<\/strong><\/p>\n<p>La misma se dio despu\u00e9s de una reuni\u00f3n en la comuna donde participaron el Intendente Alejandro Molero y su equipo de Educaci\u00f3n, referentes de la Universidad y empresarios de la regi\u00f3n.<\/p>\n<p><strong>Hasta el 7 de marzo de 2024 est\u00e1n abiertas las inscripciones para el Ingreso 2024 y las carreras son:<\/strong><\/p>\n<ul>\n<li>Profesorados y Licenciaturas en Biolog\u00eda, F\u00edsica, Qu\u00edmica, Matem\u00e1tica y Geolog\u00eda.<\/li>\n<\/ul>\n<p>El director de Educci\u00f3n Jos\u00e9 Mor\u00e1n explic\u00f3 que se reunieron para presentar una nueva tecnicatura en General Alvear, con apoyo de empresarios locales y el municipio.<\/p>\n<p>\u00ab<em><strong>Se busca ampliar la oferta educativa y brindar oportunidades a los j\u00f3venes del departamento. Se discutieron propuestas y se recibi\u00f3 apoyo para la iniciativa. Se va a priorizar trabajos en base a las necesidades de la zona y dar respuestas r\u00e1pidas. Nuevas ideas surgieron de esta reuni\u00f3n\u201d,<\/strong><\/em> afirm\u00f3.<\/p>\n","protected":false},"excerpt":{"rendered":"<p>La Facultad de Ciencias Exactas y Naturales de la UNCuyo, ubicada en la Escuela de Agricultura, sali\u00f3 a promocionar carreras en &#8230;<\/p>\n","protected":false},"author":7,"featured_media":133028,"comment_status":"open","ping_status":"open","sticky":false,"template":"","format":"standard","meta":{"footnotes":""},"categories":[5,18],"tags":[],"class_list":["post-133027","post","type-post","status-publish","format-standard","has-post-thumbnail","hentry","category-actualidad","category-educacion"],"_links":{"self":[{"href":"https:\/\/vinasfm.com\/noticias\/wp-json\/wp\/v2\/posts\/133027","targetHints":{"allow":["GET"]}}],"collection":[{"href":"https:\/\/vinasfm.com\/noticias\/wp-json\/wp\/v2\/posts"}],"about":[{"href":"https:\/\/vinasfm.com\/noticias\/wp-json\/wp\/v2\/types\/post"}],"author":[{"embeddable":true,"href":"https:\/\/vinasfm.com\/noticias\/wp-json\/wp\/v2\/users\/7"}],"replies":[{"embeddable":true,"href":"https:\/\/vinasfm.com\/noticias\/wp-json\/wp\/v2\/comments?post=133027"}],"version-history":[{"count":1,"href":"https:\/\/vinasfm.com\/noticias\/wp-json\/wp\/v2\/posts\/133027\/revisions"}],"predecessor-version":[{"id":133029,"href":"https:\/\/vinasfm.com\/noticias\/wp-json\/wp\/v2\/posts\/133027\/revisions\/133029"}],"wp:featuredmedia":[{"embeddable":true,"href":"https:\/\/vinasfm.com\/noticias\/wp-json\/wp\/v2\/media\/133028"}],"wp:attachment":[{"href":"https:\/\/vinasfm.com\/noticias\/wp-json\/wp\/v2\/media?parent=133027"}],"wp:term":[{"taxonomy":"category","embeddable":true,"href":"https:\/\/vinasfm.com\/noticias\/wp-json\/wp\/v2\/categories?post=133027"},{"taxonomy":"post_tag","embeddable":true,"href":"https:\/\/vinasfm.com\/noticias\/wp-json\/wp\/v2\/tags?post=133027"}],"curies":[{"name":"wp","href":"https:\/\/api.w.org\/{rel}","templated":true}]}}