{"id":133003,"date":"2024-03-05T09:25:49","date_gmt":"2024-03-05T12:25:49","guid":{"rendered":"https:\/\/vinasfm.com\/noticias\/?p=133003"},"modified":"2024-03-05T23:41:35","modified_gmt":"2024-03-06T02:41:35","slug":"el-circulo-medico-aumento-la-consulta-a-13-500-a-afiliados-a-prepagas-y-obras-sociales","status":"publish","type":"post","link":"https:\/\/vinasfm.com\/noticias\/el-circulo-medico-aumento-la-consulta-a-13-500-a-afiliados-a-prepagas-y-obras-sociales\/","title":{"rendered":"EL C\u00cdRCULO M\u00c9DICO DE MENDOZA AUMENT\u00d3 LA CONSULTA A $13.500 A AFILIADOS A PREPAGAS Y OBRAS SOCIALES"},"content":{"rendered":"<p><span style=\"color: #000000;\"><strong>El valor pas\u00f3 de $12.000 a los $13.500 para la atenci\u00f3n m\u00e9dica desde este lunes y depender\u00e1 de los convenios con cada financiador para saber qu\u00e9 porcentaje se le reconoce al paciente.<\/strong><\/span><\/p>\n<article class=\"article-body first\">\n<div class=\"article-content\">\n<div class=\"cuerpo\" data-twitter-link=\"\">\n<p><span style=\"color: #000000;\">El\u00a0<strong>C\u00edrculo M\u00e9dico de Mendoza<\/strong>\u00a0fij\u00f3 para marzo un nuevo aumento de la\u00a0<strong>consulta m\u00e9dica\u00a0que asciende a $13.500.\u00a0<\/strong>Es decir el 12,5% que deber\u00e1n pagar los afiliados de obras sociales, prepagas y mutuales.<\/span><\/p>\n<\/div>\n<\/div>\n<\/article>\n<article class=\"article-body\">\n<div class=\"article-content\">\n<div class=\"cuerpo\" data-twitter-link=\"\">\n<p><span style=\"color: #000000;\">El responsable del\u00a0<strong>C\u00edrculo M\u00e9dico de Mendoza<\/strong>,<strong>\u00a0Jos\u00e9 Lodovico Palma<\/strong>, confirm\u00f3 este lunes que desde este mes el valor de la consulta m\u00e9dica asciende a\u00a0<strong>$13.500<\/strong>. Los profesionales de la salud aplican desde octubre este<strong>\u00a0bono no reintegrable para compensar la falta de actualizaci\u00f3n en los aranceles en un conflicto con los gerenciadores del sistema<\/strong>.<\/span><\/p>\n<p><span style=\"color: #000000;\">Los m\u00e9dicos del sector privado mantienen un conflicto desde el 2023 por la falta de actualizaci\u00f3n de las pr\u00e1cticas a la inflaci\u00f3n.<\/span><\/p>\n<\/div>\n<\/div>\n<\/article>\n<article class=\"article-body third-p\">\n<div class=\"article-content\">\n<div class=\"cuerpo\" data-twitter-link=\"\">\n<p><span style=\"color: #000000;\">A partir de este momento, comienza la negociaci\u00f3n con las obras sociales y prepagas que reconocen un porcentaje de este incremento en la consulta m\u00e9dica y el afiliado paga un plus o coseguro.<\/span><\/p>\n<h2><span style=\"color: #000000;\">Las consultas m\u00e9dicas aumentaron un 120% en los \u00faltimos 5 meses<\/span><\/h2>\n<p><span style=\"color: #000000;\">El referente del\u00a0<strong>C\u00edrculo M\u00e9dico de Mendoza\u00a0<\/strong>y de la<strong>\u00a0Confederaci\u00f3n M\u00e9dica de la Rep\u00fablica Argentina (Comra)<\/strong>\u00a0asegur\u00f3 que hay que ver cu\u00e1l es la aceptaci\u00f3n que tiene este nuevo valor desde esta semana para ir ajustando los convenios con las distintas entidades de medicina privada.<\/span><\/p>\n<p><span style=\"color: #000000;\">Este acuerdo implica que mes a mes el costo de la consulta m\u00e9dica sugerida puede ser modificada.<\/span><\/p>\n<p><span style=\"color: #000000;\">Hasta el \u00faltimo d\u00eda de octubre la consulta costaba desde $6.000 desde este lunes ir al m\u00e9dico sale un 125% m\u00e1s.<\/span><\/p>\n<\/div>\n<\/div>\n<\/article>\n","protected":false},"excerpt":{"rendered":"<p>El valor pas\u00f3 de $12.000 a los $13.500 para la atenci\u00f3n m\u00e9dica desde este lunes y depender\u00e1 de los convenios con &#8230;<\/p>\n","protected":false},"author":7,"featured_media":133005,"comment_status":"open","ping_status":"open","sticky":false,"template":"","format":"standard","meta":{"footnotes":""},"categories":[5,169],"tags":[],"class_list":["post-133003","post","type-post","status-publish","format-standard","has-post-thumbnail","hentry","category-actualidad","category-aumentos"],"_links":{"self":[{"href":"https:\/\/vinasfm.com\/noticias\/wp-json\/wp\/v2\/posts\/133003","targetHints":{"allow":["GET"]}}],"collection":[{"href":"https:\/\/vinasfm.com\/noticias\/wp-json\/wp\/v2\/posts"}],"about":[{"href":"https:\/\/vinasfm.com\/noticias\/wp-json\/wp\/v2\/types\/post"}],"author":[{"embeddable":true,"href":"https:\/\/vinasfm.com\/noticias\/wp-json\/wp\/v2\/users\/7"}],"replies":[{"embeddable":true,"href":"https:\/\/vinasfm.com\/noticias\/wp-json\/wp\/v2\/comments?post=133003"}],"version-history":[{"count":2,"href":"https:\/\/vinasfm.com\/noticias\/wp-json\/wp\/v2\/posts\/133003\/revisions"}],"predecessor-version":[{"id":133017,"href":"https:\/\/vinasfm.com\/noticias\/wp-json\/wp\/v2\/posts\/133003\/revisions\/133017"}],"wp:featuredmedia":[{"embeddable":true,"href":"https:\/\/vinasfm.com\/noticias\/wp-json\/wp\/v2\/media\/133005"}],"wp:attachment":[{"href":"https:\/\/vinasfm.com\/noticias\/wp-json\/wp\/v2\/media?parent=133003"}],"wp:term":[{"taxonomy":"category","embeddable":true,"href":"https:\/\/vinasfm.com\/noticias\/wp-json\/wp\/v2\/categories?post=133003"},{"taxonomy":"post_tag","embeddable":true,"href":"https:\/\/vinasfm.com\/noticias\/wp-json\/wp\/v2\/tags?post=133003"}],"curies":[{"name":"wp","href":"https:\/\/api.w.org\/{rel}","templated":true}]}}