{"id":132945,"date":"2024-03-04T08:39:49","date_gmt":"2024-03-04T11:39:49","guid":{"rendered":"https:\/\/vinasfm.com\/noticias\/?p=132945"},"modified":"2024-03-05T08:19:02","modified_gmt":"2024-03-05T11:19:02","slug":"un-malhechor-rompio-la-vidriera-de-un-local-comercial-y-quedo-grabado","status":"publish","type":"post","link":"https:\/\/vinasfm.com\/noticias\/un-malhechor-rompio-la-vidriera-de-un-local-comercial-y-quedo-grabado\/","title":{"rendered":"UN MALHECHOR ROMPI\u00d3 LA VIDRIERA DE UN LOCAL COMERCIAL Y QUED\u00d3 GRABADO"},"content":{"rendered":"<p><strong><span style=\"color: #000000;\">El hecho se produjo el d\u00eda s\u00e1bado en hora de la tarde en un local ubicado en Av. Libertador Norte 100.<\/span><\/strong><\/p>\n<p><span style=\"color: #000000;\">Personal policial constat\u00f3 la rotura de la vidriera del inmueble. Con los datos recabados en el lugar, en inmediaciones <strong>se procedi\u00f3 a la aprehensi\u00f3n de un sujeto el cual qued\u00f3 filmado en las c\u00e1maras del comercio<\/strong> como el autor del da\u00f1o de la vidriera.<\/span><\/p>\n","protected":false},"excerpt":{"rendered":"<p>El hecho se produjo el d\u00eda s\u00e1bado en hora de la tarde en un local ubicado en Av. Libertador Norte 100. &#8230;<\/p>\n","protected":false},"author":7,"featured_media":117843,"comment_status":"open","ping_status":"open","sticky":false,"template":"","format":"standard","meta":{"footnotes":""},"categories":[5,4],"tags":[],"class_list":["post-132945","post","type-post","status-publish","format-standard","has-post-thumbnail","hentry","category-actualidad","category-policiales"],"_links":{"self":[{"href":"https:\/\/vinasfm.com\/noticias\/wp-json\/wp\/v2\/posts\/132945","targetHints":{"allow":["GET"]}}],"collection":[{"href":"https:\/\/vinasfm.com\/noticias\/wp-json\/wp\/v2\/posts"}],"about":[{"href":"https:\/\/vinasfm.com\/noticias\/wp-json\/wp\/v2\/types\/post"}],"author":[{"embeddable":true,"href":"https:\/\/vinasfm.com\/noticias\/wp-json\/wp\/v2\/users\/7"}],"replies":[{"embeddable":true,"href":"https:\/\/vinasfm.com\/noticias\/wp-json\/wp\/v2\/comments?post=132945"}],"version-history":[{"count":2,"href":"https:\/\/vinasfm.com\/noticias\/wp-json\/wp\/v2\/posts\/132945\/revisions"}],"predecessor-version":[{"id":132990,"href":"https:\/\/vinasfm.com\/noticias\/wp-json\/wp\/v2\/posts\/132945\/revisions\/132990"}],"wp:featuredmedia":[{"embeddable":true,"href":"https:\/\/vinasfm.com\/noticias\/wp-json\/wp\/v2\/media\/117843"}],"wp:attachment":[{"href":"https:\/\/vinasfm.com\/noticias\/wp-json\/wp\/v2\/media?parent=132945"}],"wp:term":[{"taxonomy":"category","embeddable":true,"href":"https:\/\/vinasfm.com\/noticias\/wp-json\/wp\/v2\/categories?post=132945"},{"taxonomy":"post_tag","embeddable":true,"href":"https:\/\/vinasfm.com\/noticias\/wp-json\/wp\/v2\/tags?post=132945"}],"curies":[{"name":"wp","href":"https:\/\/api.w.org\/{rel}","templated":true}]}}