{"id":132938,"date":"2024-03-02T08:12:43","date_gmt":"2024-03-02T11:12:43","guid":{"rendered":"https:\/\/vinasfm.com\/noticias\/?p=132938"},"modified":"2024-03-04T08:55:47","modified_gmt":"2024-03-04T11:55:47","slug":"aumentaron-los-combustibles-asi-quedaron-los-precios-en-general-alvear","status":"publish","type":"post","link":"https:\/\/vinasfm.com\/noticias\/aumentaron-los-combustibles-asi-quedaron-los-precios-en-general-alvear\/","title":{"rendered":"AUMENTARON LOS COMBUSTIBLES, AS\u00cd QUEDARON LOS PRECIOS EN GENERAL ALVEAR"},"content":{"rendered":"<p><strong>El\u00a0precio de los combustibles l\u00edquidos\u00a0en todas las estaciones de servicio del pa\u00eds\u00a0aument\u00f3 un 7,5 por ciento\u00a0promedio desde la medianoche, por el impacto de la actualizaci\u00f3n impositiva dispuesta por el Gobierno y el incremento de los m\u00e1rgenes de rentabilidad dispuesto por las petroleras.<\/strong><\/p>\n<p>Tal como estaba previsto, desde este mes se implementa la segunda etapa de cuatro para la actualizaci\u00f3n gradual de los impuestos a los combustibles l\u00edquidos y al di\u00f3xido de carbono sobre las naftas y el gasoil, para lo que dispuso un esquema de traslado de los cargos pendientes desde el tercer trimestre de 2021 hasta el mismo per\u00edodo de 2023.<\/p>\n<p>Esta actualizaci\u00f3n impacta en el precio en un 4 por ciento, por lo que el resto del aumento corresponde al aumento de los biocombustibles, la variaci\u00f3n del tipo de cambio y el precio del crudo internacional.<\/p>\n<p>&nbsp;<\/p>\n<p><a href=\"https:\/\/vinasfm.com\/noticias\/wp-content\/uploads\/2024\/03\/Combustibles.jpeg\"><img loading=\"lazy\" decoding=\"async\" class=\" wp-image-132940 aligncenter\" src=\"https:\/\/vinasfm.com\/noticias\/wp-content\/uploads\/2024\/03\/Combustibles-300x169.jpeg\" alt=\"\" width=\"488\" height=\"275\" srcset=\"https:\/\/vinasfm.com\/noticias\/wp-content\/uploads\/2024\/03\/Combustibles-300x169.jpeg 300w, https:\/\/vinasfm.com\/noticias\/wp-content\/uploads\/2024\/03\/Combustibles-1024x576.jpeg 1024w, https:\/\/vinasfm.com\/noticias\/wp-content\/uploads\/2024\/03\/Combustibles-768x432.jpeg 768w, https:\/\/vinasfm.com\/noticias\/wp-content\/uploads\/2024\/03\/Combustibles-1536x864.jpeg 1536w, https:\/\/vinasfm.com\/noticias\/wp-content\/uploads\/2024\/03\/Combustibles-1140x641.jpeg 1140w, https:\/\/vinasfm.com\/noticias\/wp-content\/uploads\/2024\/03\/Combustibles.jpeg 1599w\" sizes=\"auto, (max-width: 488px) 100vw, 488px\" \/><\/a><\/p>\n<p>&nbsp;<\/p>\n","protected":false},"excerpt":{"rendered":"<p>El\u00a0precio de los combustibles l\u00edquidos\u00a0en todas las estaciones de servicio del pa\u00eds\u00a0aument\u00f3 un 7,5 por ciento\u00a0promedio desde la medianoche, por el &#8230;<\/p>\n","protected":false},"author":7,"featured_media":53457,"comment_status":"open","ping_status":"open","sticky":false,"template":"","format":"standard","meta":{"footnotes":""},"categories":[5,169],"tags":[],"class_list":["post-132938","post","type-post","status-publish","format-standard","has-post-thumbnail","hentry","category-actualidad","category-aumentos"],"_links":{"self":[{"href":"https:\/\/vinasfm.com\/noticias\/wp-json\/wp\/v2\/posts\/132938","targetHints":{"allow":["GET"]}}],"collection":[{"href":"https:\/\/vinasfm.com\/noticias\/wp-json\/wp\/v2\/posts"}],"about":[{"href":"https:\/\/vinasfm.com\/noticias\/wp-json\/wp\/v2\/types\/post"}],"author":[{"embeddable":true,"href":"https:\/\/vinasfm.com\/noticias\/wp-json\/wp\/v2\/users\/7"}],"replies":[{"embeddable":true,"href":"https:\/\/vinasfm.com\/noticias\/wp-json\/wp\/v2\/comments?post=132938"}],"version-history":[{"count":2,"href":"https:\/\/vinasfm.com\/noticias\/wp-json\/wp\/v2\/posts\/132938\/revisions"}],"predecessor-version":[{"id":132952,"href":"https:\/\/vinasfm.com\/noticias\/wp-json\/wp\/v2\/posts\/132938\/revisions\/132952"}],"wp:featuredmedia":[{"embeddable":true,"href":"https:\/\/vinasfm.com\/noticias\/wp-json\/wp\/v2\/media\/53457"}],"wp:attachment":[{"href":"https:\/\/vinasfm.com\/noticias\/wp-json\/wp\/v2\/media?parent=132938"}],"wp:term":[{"taxonomy":"category","embeddable":true,"href":"https:\/\/vinasfm.com\/noticias\/wp-json\/wp\/v2\/categories?post=132938"},{"taxonomy":"post_tag","embeddable":true,"href":"https:\/\/vinasfm.com\/noticias\/wp-json\/wp\/v2\/tags?post=132938"}],"curies":[{"name":"wp","href":"https:\/\/api.w.org\/{rel}","templated":true}]}}