{"id":132936,"date":"2024-03-02T11:52:33","date_gmt":"2024-03-02T14:52:33","guid":{"rendered":"https:\/\/vinasfm.com\/noticias\/?p=132936"},"modified":"2024-03-05T08:19:47","modified_gmt":"2024-03-05T11:19:47","slug":"los-artistas-de-vendimia-se-plantaron-y-cobraran-mas-rapido","status":"publish","type":"post","link":"https:\/\/vinasfm.com\/noticias\/los-artistas-de-vendimia-se-plantaron-y-cobraran-mas-rapido\/","title":{"rendered":"LOS ARTISTAS DE VENDIMIA SE PLANTARON Y COBRAR\u00c1N M\u00c1S R\u00c1PIDO"},"content":{"rendered":"<h4><strong>\u201cPara el tiempo de cosecha que lindo se pone el pago\u201d, resalta la letra de uno de los m\u00e1s destacados temas del folcklore mendocino. Pero no todo es color de rosas en el armado del m\u00e1s grande festejo de la provincia que hace rato cruz\u00f3 las fronteras nacionales e internacionales. El viejo reclamo salarial de los artistas despert\u00f3 al antiguo fantasma de otras\u00a0celebraciones\u00a0en el que la realizaci\u00f3n de la gran fiesta y la crisis previa a salir a escena.<\/strong><\/h4>\n<p>En medio de una profunda crisis econ\u00f3mica con una inflaci\u00f3n creciente y, por ahora sin resoluci\u00f3n, nadie quiere perder un peso por eso los artistas reclamaron un ajuste a la cifra original del contrato firmado que era de $250 mil.<\/p>\n<p>ero con la revisi\u00f3n de ese importe programada para febrero comenzaron los reclamos para una suma superior. En medio de asambleas y tensas negociaciones, los artistas pidieron m\u00e1s plata. Desde el gobierno provincial finalmente cerraron la negociaci\u00f3n en $350 mil.<\/p>\n<p>\u00abEstos esfuerzos que hace el Estado en medio de la crisis que estamos viviendo, valen y demuestran la importancia que tiene la Vendimia y sus hacedores; adem\u00e1s que el plazo para cobrar sienta un precedente\u00bb, destac\u00f3 el\u00a0<strong>subsecretario de Cultura, Diego Gareca<\/strong>.<\/p>\n<p>As\u00ed los\u00a0<strong>1.052 actores, m\u00fasicos y bailarines<\/strong>, percibir\u00e1n su dinero a cuatro d\u00edas de finalizada la principal celebraci\u00f3n, es decir, el viernes 8 de marzo en una medida hist\u00f3rica ya que habitualmente perciben lo acordado entre 60 o 90 d\u00edas posteriores a la fiesta, lo que en estos tiempos pulverizar\u00eda el monto percibido.<\/p>\n<p>&nbsp;<\/p>\n","protected":false},"excerpt":{"rendered":"<p>\u201cPara el tiempo de cosecha que lindo se pone el pago\u201d, resalta la letra de uno de los m\u00e1s destacados temas &#8230;<\/p>\n","protected":false},"author":7,"featured_media":132313,"comment_status":"open","ping_status":"open","sticky":false,"template":"","format":"standard","meta":{"footnotes":""},"categories":[5,19],"tags":[],"class_list":["post-132936","post","type-post","status-publish","format-standard","has-post-thumbnail","hentry","category-actualidad","category-cultura"],"_links":{"self":[{"href":"https:\/\/vinasfm.com\/noticias\/wp-json\/wp\/v2\/posts\/132936","targetHints":{"allow":["GET"]}}],"collection":[{"href":"https:\/\/vinasfm.com\/noticias\/wp-json\/wp\/v2\/posts"}],"about":[{"href":"https:\/\/vinasfm.com\/noticias\/wp-json\/wp\/v2\/types\/post"}],"author":[{"embeddable":true,"href":"https:\/\/vinasfm.com\/noticias\/wp-json\/wp\/v2\/users\/7"}],"replies":[{"embeddable":true,"href":"https:\/\/vinasfm.com\/noticias\/wp-json\/wp\/v2\/comments?post=132936"}],"version-history":[{"count":1,"href":"https:\/\/vinasfm.com\/noticias\/wp-json\/wp\/v2\/posts\/132936\/revisions"}],"predecessor-version":[{"id":132937,"href":"https:\/\/vinasfm.com\/noticias\/wp-json\/wp\/v2\/posts\/132936\/revisions\/132937"}],"wp:featuredmedia":[{"embeddable":true,"href":"https:\/\/vinasfm.com\/noticias\/wp-json\/wp\/v2\/media\/132313"}],"wp:attachment":[{"href":"https:\/\/vinasfm.com\/noticias\/wp-json\/wp\/v2\/media?parent=132936"}],"wp:term":[{"taxonomy":"category","embeddable":true,"href":"https:\/\/vinasfm.com\/noticias\/wp-json\/wp\/v2\/categories?post=132936"},{"taxonomy":"post_tag","embeddable":true,"href":"https:\/\/vinasfm.com\/noticias\/wp-json\/wp\/v2\/tags?post=132936"}],"curies":[{"name":"wp","href":"https:\/\/api.w.org\/{rel}","templated":true}]}}