{"id":132933,"date":"2024-03-02T10:44:27","date_gmt":"2024-03-02T13:44:27","guid":{"rendered":"https:\/\/vinasfm.com\/noticias\/?p=132933"},"modified":"2024-03-05T10:34:12","modified_gmt":"2024-03-05T13:34:12","slug":"un-funcionario-fue-agredido-verbal-y-fisicamente-en-la-municipalidad","status":"publish","type":"post","link":"https:\/\/vinasfm.com\/noticias\/un-funcionario-fue-agredido-verbal-y-fisicamente-en-la-municipalidad\/","title":{"rendered":"UN FUNCIONARIO FUE AGREDIDO VERBAL Y FISICAMENTE EN LA MUNICIPALIDAD"},"content":{"rendered":"<h4><strong>Seg\u00fan trascendi\u00f3 ayer viernes por el mediodia, el Director de Contingencias Carlos Aguas fue agredido en las oficinas municipales.<\/strong><\/h4>\n<p>La versi\u00f3n extraoficial indica que fue una mujer mayor de edad que reacciono violentamente despu\u00e9s de una fuerte discusi\u00f3n.<\/p>\n<p>Los hechos fueron denunciados en la sede de la Comisar\u00eda 14.<\/p>\n<p>Se espera por el informe oficial de la Polic\u00eda.<\/p>\n","protected":false},"excerpt":{"rendered":"<p>Seg\u00fan trascendi\u00f3 ayer viernes por el mediodia, el Director de Contingencias Carlos Aguas fue agredido en las oficinas municipales. La versi\u00f3n &#8230;<\/p>\n","protected":false},"author":7,"featured_media":101629,"comment_status":"open","ping_status":"open","sticky":false,"template":"","format":"standard","meta":{"footnotes":""},"categories":[5,10],"tags":[],"class_list":["post-132933","post","type-post","status-publish","format-standard","has-post-thumbnail","hentry","category-actualidad","category-destacadas"],"_links":{"self":[{"href":"https:\/\/vinasfm.com\/noticias\/wp-json\/wp\/v2\/posts\/132933","targetHints":{"allow":["GET"]}}],"collection":[{"href":"https:\/\/vinasfm.com\/noticias\/wp-json\/wp\/v2\/posts"}],"about":[{"href":"https:\/\/vinasfm.com\/noticias\/wp-json\/wp\/v2\/types\/post"}],"author":[{"embeddable":true,"href":"https:\/\/vinasfm.com\/noticias\/wp-json\/wp\/v2\/users\/7"}],"replies":[{"embeddable":true,"href":"https:\/\/vinasfm.com\/noticias\/wp-json\/wp\/v2\/comments?post=132933"}],"version-history":[{"count":2,"href":"https:\/\/vinasfm.com\/noticias\/wp-json\/wp\/v2\/posts\/132933\/revisions"}],"predecessor-version":[{"id":133018,"href":"https:\/\/vinasfm.com\/noticias\/wp-json\/wp\/v2\/posts\/132933\/revisions\/133018"}],"wp:featuredmedia":[{"embeddable":true,"href":"https:\/\/vinasfm.com\/noticias\/wp-json\/wp\/v2\/media\/101629"}],"wp:attachment":[{"href":"https:\/\/vinasfm.com\/noticias\/wp-json\/wp\/v2\/media?parent=132933"}],"wp:term":[{"taxonomy":"category","embeddable":true,"href":"https:\/\/vinasfm.com\/noticias\/wp-json\/wp\/v2\/categories?post=132933"},{"taxonomy":"post_tag","embeddable":true,"href":"https:\/\/vinasfm.com\/noticias\/wp-json\/wp\/v2\/tags?post=132933"}],"curies":[{"name":"wp","href":"https:\/\/api.w.org\/{rel}","templated":true}]}}