{"id":132930,"date":"2024-03-02T10:37:00","date_gmt":"2024-03-02T13:37:00","guid":{"rendered":"https:\/\/vinasfm.com\/noticias\/?p=132930"},"modified":"2024-03-04T10:30:12","modified_gmt":"2024-03-04T13:30:12","slug":"en-fotos-asi-se-vivio-la-via-blanca-de-las-reinas-2024","status":"publish","type":"post","link":"https:\/\/vinasfm.com\/noticias\/en-fotos-asi-se-vivio-la-via-blanca-de-las-reinas-2024\/","title":{"rendered":"EN FOTOS AS\u00cd SE VIVI\u00d3 LA V\u00cdA BLANCA DE LAS REINAS 2024"},"content":{"rendered":"<h4><strong>Mendocinos y turistas colmaron las calles c\u00e9ntricas de Ciudad para recibir a las 18 candidatas a la Corona Nacional.<\/strong><\/h4>\n<p>Pasadas las 21:00 las arterias se iluminaron con las luces del desfile nocturno encabezado por la Virgen de la Carrodilla, escoltada por la Federaci\u00f3n Gaucha.<\/p>\n<p>Posteriormente, avanz\u00f3 el carro que transport\u00f3 a la reina nacional de la Vendimia 2023, Ana Laura Verde, y a la virreina nacional, Gemina Navarro, quienes ma\u00f1ana dejar\u00e1n su mandato. Continuaron veh\u00edculos promocionales, desde donde saludaban las reinas invitadas, y el Bus Tur\u00edstico, que trasladaba al rey y la reina de la Vendimia para Todos, Pablo Schiaroli y Roc\u00edo Garc\u00eda, junto a su corte.<\/p>\n<p>Miles de ciudadanos llegaron a contemplar los majestuosos de los carruajes que transportaban a las representantes de los 18 departamentos que conforman a Mendoza.<\/p>\n<p>La primera en aparecer fue Agostina Gonz\u00e1les, representante de Santa Rosa, seguida por los carros de Jun\u00edn, con Liz Claribel Villegas; La Paz, con Virginia Estefan\u00eda Beneite; Las Heras, con Sasha Aye Ali; Luj\u00e1n de Cuyo, con Julieta Bosquet; San Carlos, con Roc\u00edo Bel\u00e9n Neila del Pino; San Mart\u00edn, con Candela D\u00edaz Magistretti; Rivadavia, con Florencia Lagos; Lavalle, con Paloma Eugenia Oro; General Alvear, con Anabel Gianella Rios; Tupungato, con Valentina Ortiz; Maip\u00fa, con Brunela Puga; Malarg\u00fce, con Candela Carricondo Cecconato; Ciudad de Mendoza, con Agostina Saua Carri\u00f3n; Godoy Cruz, con Karen Abril Rubino; San Rafael, con Mar\u00eda Sol Indiveri Garc\u00eda; Guaymall\u00e9n, con su representante, Angelina Franco Leiva, y Tunuy\u00e1n, con Isis Guill\u00e9n Godoy.<\/p>\n<p><a href=\"https:\/\/vinasfm.com\/noticias\/wp-content\/uploads\/2024\/03\/WhatsApp-Image-2024-03-02-at-10.17.56.jpeg\"><img loading=\"lazy\" decoding=\"async\" class=\"alignnone size-medium wp-image-132965\" src=\"https:\/\/vinasfm.com\/noticias\/wp-content\/uploads\/2024\/03\/WhatsApp-Image-2024-03-02-at-10.17.56-225x300.jpeg\" alt=\"\" width=\"225\" height=\"300\" srcset=\"https:\/\/vinasfm.com\/noticias\/wp-content\/uploads\/2024\/03\/WhatsApp-Image-2024-03-02-at-10.17.56-225x300.jpeg 225w, https:\/\/vinasfm.com\/noticias\/wp-content\/uploads\/2024\/03\/WhatsApp-Image-2024-03-02-at-10.17.56.jpeg 720w\" sizes=\"auto, (max-width: 225px) 100vw, 225px\" \/><\/a> <a href=\"https:\/\/vinasfm.com\/noticias\/wp-content\/uploads\/2024\/03\/WhatsApp-Image-2024-03-02-at-10.17.57-1.jpeg\"><img loading=\"lazy\" decoding=\"async\" class=\"alignnone size-medium wp-image-132966\" src=\"https:\/\/vinasfm.com\/noticias\/wp-content\/uploads\/2024\/03\/WhatsApp-Image-2024-03-02-at-10.17.57-1-300x201.jpeg\" alt=\"\" width=\"300\" height=\"201\" srcset=\"https:\/\/vinasfm.com\/noticias\/wp-content\/uploads\/2024\/03\/WhatsApp-Image-2024-03-02-at-10.17.57-1-300x201.jpeg 300w, https:\/\/vinasfm.com\/noticias\/wp-content\/uploads\/2024\/03\/WhatsApp-Image-2024-03-02-at-10.17.57-1.jpeg 700w\" sizes=\"auto, (max-width: 300px) 100vw, 300px\" \/><\/a> <a href=\"https:\/\/vinasfm.com\/noticias\/wp-content\/uploads\/2024\/03\/WhatsApp-Image-2024-03-02-at-10.17.57.jpeg\"><img loading=\"lazy\" decoding=\"async\" class=\"alignnone size-medium wp-image-132967\" src=\"https:\/\/vinasfm.com\/noticias\/wp-content\/uploads\/2024\/03\/WhatsApp-Image-2024-03-02-at-10.17.57-300x200.jpeg\" alt=\"\" width=\"300\" height=\"200\" srcset=\"https:\/\/vinasfm.com\/noticias\/wp-content\/uploads\/2024\/03\/WhatsApp-Image-2024-03-02-at-10.17.57-300x200.jpeg 300w, https:\/\/vinasfm.com\/noticias\/wp-content\/uploads\/2024\/03\/WhatsApp-Image-2024-03-02-at-10.17.57.jpeg 700w\" sizes=\"auto, (max-width: 300px) 100vw, 300px\" \/><\/a><\/p>\n","protected":false},"excerpt":{"rendered":"<p>Mendocinos y turistas colmaron las calles c\u00e9ntricas de Ciudad para recibir a las 18 candidatas a la Corona Nacional. Pasadas las &#8230;<\/p>\n","protected":false},"author":7,"featured_media":132935,"comment_status":"open","ping_status":"open","sticky":false,"template":"","format":"standard","meta":{"footnotes":""},"categories":[5,25],"tags":[],"class_list":["post-132930","post","type-post","status-publish","format-standard","has-post-thumbnail","hentry","category-actualidad","category-vendimia"],"_links":{"self":[{"href":"https:\/\/vinasfm.com\/noticias\/wp-json\/wp\/v2\/posts\/132930","targetHints":{"allow":["GET"]}}],"collection":[{"href":"https:\/\/vinasfm.com\/noticias\/wp-json\/wp\/v2\/posts"}],"about":[{"href":"https:\/\/vinasfm.com\/noticias\/wp-json\/wp\/v2\/types\/post"}],"author":[{"embeddable":true,"href":"https:\/\/vinasfm.com\/noticias\/wp-json\/wp\/v2\/users\/7"}],"replies":[{"embeddable":true,"href":"https:\/\/vinasfm.com\/noticias\/wp-json\/wp\/v2\/comments?post=132930"}],"version-history":[{"count":2,"href":"https:\/\/vinasfm.com\/noticias\/wp-json\/wp\/v2\/posts\/132930\/revisions"}],"predecessor-version":[{"id":132968,"href":"https:\/\/vinasfm.com\/noticias\/wp-json\/wp\/v2\/posts\/132930\/revisions\/132968"}],"wp:featuredmedia":[{"embeddable":true,"href":"https:\/\/vinasfm.com\/noticias\/wp-json\/wp\/v2\/media\/132935"}],"wp:attachment":[{"href":"https:\/\/vinasfm.com\/noticias\/wp-json\/wp\/v2\/media?parent=132930"}],"wp:term":[{"taxonomy":"category","embeddable":true,"href":"https:\/\/vinasfm.com\/noticias\/wp-json\/wp\/v2\/categories?post=132930"},{"taxonomy":"post_tag","embeddable":true,"href":"https:\/\/vinasfm.com\/noticias\/wp-json\/wp\/v2\/tags?post=132930"}],"curies":[{"name":"wp","href":"https:\/\/api.w.org\/{rel}","templated":true}]}}