{"id":132925,"date":"2024-03-01T11:46:49","date_gmt":"2024-03-01T14:46:49","guid":{"rendered":"https:\/\/vinasfm.com\/noticias\/?p=132925"},"modified":"2024-03-05T08:36:28","modified_gmt":"2024-03-05T11:36:28","slug":"vuelve-la-garrafa-social-las-inscripciones-comienzan-el-proximo-lunes","status":"publish","type":"post","link":"https:\/\/vinasfm.com\/noticias\/vuelve-la-garrafa-social-las-inscripciones-comienzan-el-proximo-lunes\/","title":{"rendered":"VUELVE LA GARRAFA SOCIAL, LAS INSCRIPCIONES COMIENZAN EL PR\u00d3XIMO LUNES"},"content":{"rendered":"<h4><strong>Como se anunci\u00f3 a mediados de enero, este mes est\u00e1 de regreso el programa \u201cLa Garrafa en tu Barrio\u201d.<\/strong><\/h4>\n<p>Esta vez, y con el objetivo de que la garrafa llegue a todos los hogares de General Alvear a partir del pr\u00f3ximo lunes 4 de marzo comenzar\u00e1n las inscripciones en todas las delegaciones distritales y en la oficina de Acci\u00f3n Social.<\/p>\n<p>Los requisitos contin\u00faan siendo la presentaci\u00f3n de la Negativa de ANSES, fotocopia del DNI y Certificado \u00danico de Discapacidad. En esta ocasi\u00f3n, la garrafa de 10Kg costar\u00e1 entre $4.000 y $5.000.<\/p>\n<p>En cuanto a los puntos de entrega, el Director de Contingencias Sociales de la comuna, Carlos Aguas; se\u00f1al\u00f3 que<em><strong> \u201cser\u00e1n los mismo que el a\u00f1o pasado porque siempre se intenta que cada vecino pueda acceder a la garrafa ya que entendemos que en los negocios tienen precios demasiados altos<\/strong><\/em>\u201d.<\/p>\n<h6>G. Vallejos<\/h6>\n","protected":false},"excerpt":{"rendered":"<p>Como se anunci\u00f3 a mediados de enero, este mes est\u00e1 de regreso el programa \u201cLa Garrafa en tu Barrio\u201d. Esta vez, &#8230;<\/p>\n","protected":false},"author":7,"featured_media":132926,"comment_status":"open","ping_status":"open","sticky":false,"template":"","format":"standard","meta":{"footnotes":""},"categories":[5,11],"tags":[],"class_list":["post-132925","post","type-post","status-publish","format-standard","has-post-thumbnail","hentry","category-actualidad","category-sociales"],"_links":{"self":[{"href":"https:\/\/vinasfm.com\/noticias\/wp-json\/wp\/v2\/posts\/132925","targetHints":{"allow":["GET"]}}],"collection":[{"href":"https:\/\/vinasfm.com\/noticias\/wp-json\/wp\/v2\/posts"}],"about":[{"href":"https:\/\/vinasfm.com\/noticias\/wp-json\/wp\/v2\/types\/post"}],"author":[{"embeddable":true,"href":"https:\/\/vinasfm.com\/noticias\/wp-json\/wp\/v2\/users\/7"}],"replies":[{"embeddable":true,"href":"https:\/\/vinasfm.com\/noticias\/wp-json\/wp\/v2\/comments?post=132925"}],"version-history":[{"count":2,"href":"https:\/\/vinasfm.com\/noticias\/wp-json\/wp\/v2\/posts\/132925\/revisions"}],"predecessor-version":[{"id":132995,"href":"https:\/\/vinasfm.com\/noticias\/wp-json\/wp\/v2\/posts\/132925\/revisions\/132995"}],"wp:featuredmedia":[{"embeddable":true,"href":"https:\/\/vinasfm.com\/noticias\/wp-json\/wp\/v2\/media\/132926"}],"wp:attachment":[{"href":"https:\/\/vinasfm.com\/noticias\/wp-json\/wp\/v2\/media?parent=132925"}],"wp:term":[{"taxonomy":"category","embeddable":true,"href":"https:\/\/vinasfm.com\/noticias\/wp-json\/wp\/v2\/categories?post=132925"},{"taxonomy":"post_tag","embeddable":true,"href":"https:\/\/vinasfm.com\/noticias\/wp-json\/wp\/v2\/tags?post=132925"}],"curies":[{"name":"wp","href":"https:\/\/api.w.org\/{rel}","templated":true}]}}