{"id":132905,"date":"2024-03-01T09:32:11","date_gmt":"2024-03-01T12:32:11","guid":{"rendered":"https:\/\/vinasfm.com\/noticias\/?p=132905"},"modified":"2024-03-04T08:57:10","modified_gmt":"2024-03-04T11:57:10","slug":"el-secretario-de-industria-de-milei-presento-en-mendoza-tres-lineas-de-credito-para-productores","status":"publish","type":"post","link":"https:\/\/vinasfm.com\/noticias\/el-secretario-de-industria-de-milei-presento-en-mendoza-tres-lineas-de-credito-para-productores\/","title":{"rendered":"EL SECRETARIO DE INDUSTRIA DE MILEI PRESENT\u00d3 EN MENDOZA TRES L\u00cdNEAS DE CR\u00c9DITO PARA PRODUCTORES"},"content":{"rendered":"<p><span style=\"color: #000000;\"><strong>El secretario de Industria y Desarrollo Productivo, Juan Alberto Pazo, fue recibido por Alfredo Cornejo y por el ministro de Producci\u00f3n, Rodolfo Vargas Arizu.<\/strong><\/span><\/p>\n<article class=\"article-body first\">\n<div class=\"article-content\">\n<div class=\"cuerpo\" data-twitter-link=\"\">\n<p><span style=\"color: #000000;\">El gobernador\u00a0<strong>Alfredo Cornejo<\/strong>\u00a0recibi\u00f3 este jueves al\u00a0<strong>secretario de Industria y Desarrollo Productivo, Juan Alberto Pazo<\/strong>. De la reuni\u00f3n tambi\u00e9n particip\u00f3 Rodolfo Vargas Arizu, ministro de Producci\u00f3n de Mendoza. En este encuentro, el funcionario nacional present\u00f3 distintas\u00a0<strong>l\u00edneas de cr\u00e9ditos y financiamiento para productores mendocinos para fomentar e impulsar la producci\u00f3n<\/strong>.<\/span><\/p>\n<\/div>\n<\/div>\n<\/article>\n<article class=\"article-body\">\n<div class=\"article-content\">\n<div class=\"cuerpo\" data-twitter-link=\"\">\n<p><span style=\"color: #000000;\">\u201cNuestro prop\u00f3sito es claro: potenciar al m\u00e1ximo las fuerzas productivas del pa\u00eds. Nuestro objetivo es brindar herramientas para que el capital privado elija a la Argentina para desarrollar sus empresas, generar trabajo de calidad y encargar la econom\u00eda hacia un camino de prosperidad\u201d,\u00a0<strong>sostuvo Pazo en su exposici\u00f3n en el 5\u00ba Foro de Inversiones y Negocios<\/strong>\u00a0que arranc\u00f3 en el Hotel Hilton, en Guaymall\u00e9n.<\/span><\/p>\n<p><span style=\"color: #000000;\">Se trata de\u00a0<strong>cr\u00e9ditos para inversiones de eficiencia h\u00eddrica\u00a0<\/strong>para proyectos que mejoren la conservaci\u00f3n del agua. Adem\u00e1s hay una\u00a0<strong>l\u00ednea de leasing para la adquisici\u00f3n de maquinaria agr\u00edcola y equipamiento usado<\/strong>. Por \u00faltimo tambi\u00e9n est\u00e1 disponible un\u00a0<strong>proyecto para\u00a0<em>warrant<\/em><\/strong>\u00a0(t\u00edtulo de cr\u00e9dito que permite al due\u00f1o de una mercader\u00eda darla en custodio a una empresa emisora debidamente autorizada)\u00a0<strong>de botella de vino en garant\u00eda<\/strong>.<\/span><\/p>\n<p><span style=\"color: #000000;\"><strong>Vargas Arizu<\/strong>\u00a0hizo referencia a esta alineaci\u00f3n entre el gobierno nacional y el de Mendoza: \u00ab<strong>Pocas veces he visto una alineaci\u00f3n tan fuerte entre Naci\u00f3n y Provincia. Esto es m\u00fasica para los o\u00eddos de los inversores<\/strong>\u00a0y m\u00fasica para nosotros desde el sector empresario y m\u00fasica tambi\u00e9n para el sector de gobierno, que est\u00e9n tan alineados\u201d.<\/span><\/p>\n<p><span style=\"color: #000000;\">El ministro de Producci\u00f3n tambi\u00e9n hizo referencia a dos de los anuncios que hizo el secretario de Industria y Desarrollo Provincial: \u00ab<strong>Juan (Pazo) ha tra\u00eddo m\u00e1s y a mejor tasa<\/strong>. Trajo dos grandes novedades, uno que es el desarrollo de la vitivinicultura, todo lo que es botella cerrada, que est\u00e1s tres, cuatro, cinco o siete a\u00f1os guardada. Eso no tiene financiamiento y es un peso fuerte para las bodegas. Ah\u00ed ha tra\u00eddo una novedad que se hace en algunos pa\u00edses desarrollados, Francia y Espa\u00f1a con garant\u00eda de la misma marca y eso va a traer un alivio a las bodegas para poder invertir m\u00e1s\u201d.<\/span><\/p>\n<p><span style=\"color: #000000;\">Vargas Arizu destac\u00f3 que el funcionario nacional tambi\u00e9n anunci\u00f3 \u00ab<strong>el\u00a0<em>leasing<\/em><\/strong>\u00a0d<strong>e maquinaria usada porque mucha gente de agricultura de no muy altos recursos, no puede acceder a cosas nuevas<\/strong>\u00a0pero s\u00ed puede cambiar algo que tenga, un tractor 84 ir a un 94 bueno para \u00e9l eso es algo muy bueno, para ser m\u00e1s eficiente en el trabajo que hace. La verdad que eso es muy bueno para una media, que hay mucho en agricultura, ganader\u00eda para todo eso es muy bueno e industria\u201d.<\/span><\/p>\n<h2><span style=\"color: #000000;\"><strong>L\u00edneas de cr\u00e9ditos y financiamientos que plante\u00f3 Pazo<\/strong><\/span><\/h2>\n<p><span style=\"color: #000000;\">Estas son las l\u00edneas de cr\u00e9ditos y financiamientos que podr\u00e1n utilizar los productores de Mendoza.<\/span><\/p>\n<h3><span style=\"color: #000000;\"><strong>Cr\u00e9ditos para inversiones de eficiencia h\u00eddrica<\/strong><\/span><\/h3>\n<p><span style=\"color: #000000;\">Nueva l\u00ednea de inversi\u00f3n con hasta 5 a\u00f1os de plazo para proyectos que mejoren la conservaci\u00f3n del agua. Aplica a productores vitivin\u00edcolas y bodegas.<\/span><\/p>\n<p><span style=\"color: #000000;\">Dirigida a inversiones como la impermeabilizaci\u00f3n de canales y la compra de bienes de capital, entre los que se encuentran equipos de riego y bombas. Tambi\u00e9n aplica a la adquisici\u00f3n de tractores, mallas antigranizo y modernizaci\u00f3n de plantas y equipamiento.<\/span><\/p>\n<p><span style=\"color: #000000;\">Tiene una tasa Badlar +4% y tope m\u00e1ximo de 115% para los primeros 2 a\u00f1os de plazo.<\/span><\/p>\n<p><span style=\"color: #000000;\"><em>Leasing\u00a0<\/em>para maquinaria agr\u00edcola y equipamiento usado<\/span><\/p>\n<p><span style=\"color: #000000;\">L\u00ednea de\u00a0<em>leasing\u00a0<\/em>para la adquisici\u00f3n de cosechadoras, semirremolques, tractores, pulverizadoras, sembradoras, camiones, semirremolques, rodados, entre otros. Aplica a bienes con hasta 10 a\u00f1os de antig\u00fcedad.<\/span><\/p>\n<p><span style=\"color: #000000;\">Tiene un plazo de hasta 4 a\u00f1os y tasa Badlar +4% con tope de 105% durante toda la operaci\u00f3n. El banco financia hasta el 70% del bien.<\/span><\/p>\n<h3><span style=\"color: #000000;\"><strong>Warrants<\/strong><\/span><\/h3>\n<p><span style=\"color: #000000;\">Se encuentra en desarrollo entre el BICE (Banco Argentino de Desarrollo) y el Ministerio de Econom\u00eda un proyecto para\u00a0<em>warrant\u00a0<\/em>de botella de vino en garant\u00eda, una vez que est\u00e9 reglamentado el DNU.<\/span><\/p>\n<\/div>\n<\/div>\n<\/article>\n","protected":false},"excerpt":{"rendered":"<p>El secretario de Industria y Desarrollo Productivo, Juan Alberto Pazo, fue recibido por Alfredo Cornejo y por el ministro de Producci\u00f3n, &#8230;<\/p>\n","protected":false},"author":7,"featured_media":132906,"comment_status":"open","ping_status":"open","sticky":false,"template":"","format":"standard","meta":{"footnotes":""},"categories":[5,10],"tags":[],"class_list":["post-132905","post","type-post","status-publish","format-standard","has-post-thumbnail","hentry","category-actualidad","category-destacadas"],"_links":{"self":[{"href":"https:\/\/vinasfm.com\/noticias\/wp-json\/wp\/v2\/posts\/132905","targetHints":{"allow":["GET"]}}],"collection":[{"href":"https:\/\/vinasfm.com\/noticias\/wp-json\/wp\/v2\/posts"}],"about":[{"href":"https:\/\/vinasfm.com\/noticias\/wp-json\/wp\/v2\/types\/post"}],"author":[{"embeddable":true,"href":"https:\/\/vinasfm.com\/noticias\/wp-json\/wp\/v2\/users\/7"}],"replies":[{"embeddable":true,"href":"https:\/\/vinasfm.com\/noticias\/wp-json\/wp\/v2\/comments?post=132905"}],"version-history":[{"count":1,"href":"https:\/\/vinasfm.com\/noticias\/wp-json\/wp\/v2\/posts\/132905\/revisions"}],"predecessor-version":[{"id":132907,"href":"https:\/\/vinasfm.com\/noticias\/wp-json\/wp\/v2\/posts\/132905\/revisions\/132907"}],"wp:featuredmedia":[{"embeddable":true,"href":"https:\/\/vinasfm.com\/noticias\/wp-json\/wp\/v2\/media\/132906"}],"wp:attachment":[{"href":"https:\/\/vinasfm.com\/noticias\/wp-json\/wp\/v2\/media?parent=132905"}],"wp:term":[{"taxonomy":"category","embeddable":true,"href":"https:\/\/vinasfm.com\/noticias\/wp-json\/wp\/v2\/categories?post=132905"},{"taxonomy":"post_tag","embeddable":true,"href":"https:\/\/vinasfm.com\/noticias\/wp-json\/wp\/v2\/tags?post=132905"}],"curies":[{"name":"wp","href":"https:\/\/api.w.org\/{rel}","templated":true}]}}