{"id":132878,"date":"2024-02-29T11:26:11","date_gmt":"2024-02-29T14:26:11","guid":{"rendered":"https:\/\/vinasfm.com\/noticias\/?p=132878"},"modified":"2024-03-01T10:30:05","modified_gmt":"2024-03-01T13:30:05","slug":"semana-santa-2024-cuando-cae-y-por-que-sera-un-fin-de-semana-xxxl-de-seis-dias","status":"publish","type":"post","link":"https:\/\/vinasfm.com\/noticias\/semana-santa-2024-cuando-cae-y-por-que-sera-un-fin-de-semana-xxxl-de-seis-dias\/","title":{"rendered":"SEMANA SANTA 2024: CU\u00c1NDO CAE Y POR QU\u00c9 SER\u00c1 UN FIN DE SEMANA XXXL DE SEIS D\u00cdAS"},"content":{"rendered":"<p><span style=\"color: #000000;\"><strong>La festividad cat\u00f3lica de\u00a0Semana Santa 2024, que conmemora\u00a0la muerte y resurrecci\u00f3n de Jes\u00fas, es una buena oportunidad para descansar o pasear unos d\u00edas. En qu\u00e9 fecha cae este a\u00f1o y cu\u00e1ntos\u00a0feriados\u00a0engloba.<\/strong><\/span><\/p>\n<p><span style=\"color: #000000;\">Para el Cristianismo, la\u00a0<strong>Semana Santa<\/strong>\u00a0es una de las \u00e9pocas del a\u00f1o m\u00e1s importantes del calendario lit\u00fargico. En esta festividad, en la que se recrea la crucifixi\u00f3n, muerte y resurrecci\u00f3n de Jesucristo en el\u00a0<strong>Domingo de Pascua<\/strong>, engloba varios feriados y suele ser\u00a0uno de los\u00a0<strong>fines de semana XXL<\/strong>\u00a0m\u00e1s elegidos para realizar escapadas.\u00a0En\u00a0<strong>2024<\/strong>, adem\u00e1s, se une a otro conmemorativo muy sentido para la historia de nuestro pa\u00eds.<\/span><\/p>\n<p><span style=\"color: #000000;\">A\u00f1o tras a\u00f1o, durante los primeros meses del a\u00f1o, distintas personas en la Argentina se preguntan si la\u00a0<strong>Semana Santa<\/strong>\u00a0cae en marzo o en abril. Esta duda responde a las ganas -y la posibilidad de satisfacerlas- de realizar un viaje de\u00a0<strong>miniturismo<\/strong>\u00a0o una\u00a0<strong>escapada<\/strong>\u00a0para desconectar de la agobiante rutina.<\/span><\/p>\n<h2 class=\"wp-block-heading\"><span style=\"color: #000000;\">\u00bfCu\u00e1ndo cae Semana Santa en 2024?<\/span><\/h2>\n<p><span style=\"color: #000000;\">Este a\u00f1o, la Semana Santa empieza el domingo 24 de marzo, cuando el Cristianismo celebra el\u00a0<strong>Domingo de Ramos<\/strong>, fecha que alude al ingreso triunfal de Jes\u00fas en Jerusal\u00e9n. Seg\u00fan datos del calendario oficial,\u00a0el\u00a0<strong>Jueves Santo<\/strong>\u00a0caer\u00e1 el\u00a0<strong>28 de marzo<\/strong>\u00a0y ser\u00e1 un d\u00eda no laborable. Dicho de otro modo, aquellas personas que no tengan que trabajar, gozar\u00e1n de\u00a0<strong>un descanso de seis d\u00edas corridos<\/strong>.<\/span><\/p>\n<p><span style=\"color: #000000;\">El\u00a0<strong>Viernes Santo cae el 29 de marzo\u00a0<\/strong>y, como todos los a\u00f1os, es feriado nacional.\u00a0Tras el S\u00e1bado Santo, el Domingo de Pascua caer\u00e1 el 31 de marzo. Y toda la festividad cristiana\u00a0se unir\u00e1 al d\u00eda de la conmemoraci\u00f3n del\u00a0<strong>D\u00eda del Veterano y de los Ca\u00eddos en la Guerra de Malvinas<\/strong>.<\/span><\/p>\n<p><span class=\"sigijh_hlt\" style=\"color: #000000;\"><strong>\u00bfPor qu\u00e9 se une Pascua con el 2 de abril?<\/strong>\u00a0Porque en diciembre, a trav\u00e9s del Decreto 106\/2023, el Ministerio del Interior introdujo\u00a0un\u00a0<strong>feriado con fines tur\u00edsticos<\/strong>\u00a0para el lunes 1 de abril. De esta manera, si tomamos el\u00a0<strong>Jueves Santo<\/strong>\u00a0como el primer d\u00eda y el\u00a0<strong>D\u00eda del Veterano y de los Ca\u00eddos en la\u00a0Guerra de Malvinas<\/strong>, como el \u00faltimo; tendremos\u00a0un fin de semana largo de seis d\u00edas. Lisa y llanamente,\u00a0<strong>un verdadero finde XXXL<\/strong>.<\/span><\/p>\n<h2 class=\"wp-block-heading\"><span style=\"color: #000000;\">\u00bfC\u00f3mo est\u00e1 conformado el primer fin de semana XXXL del a\u00f1o?<\/span><\/h2>\n<p><span style=\"color: #000000;\">A continuaci\u00f3n, un repaso de cu\u00e1les son los d\u00edas que conforman el\u00a0<strong>fin de semana XXL de seis d\u00edas<\/strong>\u00a0que comienza en\u00a0<strong>Semana Santa<\/strong>. A saber:<\/span><\/p>\n<ul>\n<li><span style=\"color: #000000;\"><strong>jueves 28 de marzo:<\/strong>\u00a0Jueves Santo (d\u00eda no laborable).<\/span><\/li>\n<li><span style=\"color: #000000;\"><strong>viernes 29 de marzo:\u00a0<\/strong>Viernes Santo (feriado nacional).<\/span><\/li>\n<li><span style=\"color: #000000;\"><strong>s\u00e1bado 30 de marzo:<\/strong>\u00a0S\u00e1bado Santo.<\/span><\/li>\n<li><span style=\"color: #000000;\"><strong>domingo 31 de marzo:\u00a0<\/strong>Domingo de Pascua.<\/span><\/li>\n<li><span style=\"color: #000000;\"><strong>lunes 1 de abril:\u00a0<\/strong>feriado con fines tur\u00edsticos instituido por Decreto 106\/2023.<\/span><\/li>\n<li><span style=\"color: #000000;\"><strong>martes 2 de abril:\u00a0<\/strong>D\u00eda del Veterano y de los Ca\u00eddos en la Guerra de Malvinas (feriado nacional).<\/span><\/li>\n<\/ul>\n<h2 class=\"wp-block-heading\"><span style=\"color: #000000;\">\u00bfQu\u00e9 otros feriados con fines tur\u00edsticos quedan en 2024?<\/span><\/h2>\n<p><span style=\"color: #000000;\">As\u00ed como el lunes 1 de abril, el calendario oficial publicado por el Ministerio de Interior en el Bolet\u00edn Oficial establece que\u00a0tambi\u00e9n ser\u00e1n feriados puente los d\u00edas:<\/span><\/p>\n<ul>\n<li><span style=\"color: #000000;\">\u00a0<strong>viernes 21 de junio:\u00a0<\/strong>feriado puente con el jueves 20 de junio por el Paso a la Inmortalidad del General Manuel Belgrano<\/span><\/li>\n<li><span style=\"color: #000000;\"><strong>viernes 11 de octubre:\u00a0<\/strong>feriado puente con el s\u00e1bado 12 de octubre, D\u00eda del Respeto a la Diversidad Cultural.<\/span><\/li>\n<\/ul>\n<h2 class=\"wp-block-heading\"><span style=\"color: #000000;\">\u00bfCu\u00e1les son y cu\u00e1ndo caen los feriados inamovibles de 2024?<\/span><\/h2>\n<p><span style=\"color: #000000;\">En lo que resta de\u00a0<strong>2024\u00a0<\/strong>habr\u00e1<strong>\u00a09 feriados inamovibles<\/strong>, es decir, d\u00edas conmemorativos cuya fecha no puede ser modificada. A saber:<\/span><\/p>\n<ul>\n<li><span style=\"color: #000000;\"><strong>domingo 24 de marzo:\u00a0<\/strong>D\u00eda Nacional de la Memoria por la Verdad y la Justicia.<\/span><\/li>\n<li><span style=\"color: #000000;\"><strong>viernes 29 de marzo:<\/strong>\u00a0Viernes Santo.<\/span><\/li>\n<li><span style=\"color: #000000;\"><strong>martes 2 de abril:<\/strong>\u00a0D\u00eda del Veterano y de los Ca\u00eddos en la Guerra de Malvinas.<\/span><\/li>\n<li><span style=\"color: #000000;\"><strong>mi\u00e9rcoles 1 de mayo:\u00a0<\/strong>D\u00eda del Trabajador.<\/span><\/li>\n<li><span style=\"color: #000000;\"><strong>s\u00e1bado 25 de mayo:\u00a0<\/strong>D\u00eda de la Revoluci\u00f3n de Mayo.<\/span><\/li>\n<li><span style=\"color: #000000;\"><strong>jueves 20 de junio:<\/strong>\u00a0Paso a la Inmortalidad del General Don Manuel Belgrano o tambi\u00e9n llamado el D\u00eda de la Bandera.<\/span><\/li>\n<li><span style=\"color: #000000;\"><strong>martes 9 de julio:<\/strong>\u00a0D\u00eda de la Independencia.<\/span><\/li>\n<li><span style=\"color: #000000;\"><strong>domingo 8 de diciembre:<\/strong>\u00a0D\u00eda de la Inmaculada Concepci\u00f3n de la Virgen Mar\u00eda.<\/span><\/li>\n<li><span style=\"color: #000000;\"><strong>mi\u00e9rcoles 25 de diciembre:\u00a0<\/strong>Navidad.<\/span><\/li>\n<\/ul>\n","protected":false},"excerpt":{"rendered":"<p>La festividad cat\u00f3lica de\u00a0Semana Santa 2024, que conmemora\u00a0la muerte y resurrecci\u00f3n de Jes\u00fas, es una buena oportunidad para descansar o pasear &#8230;<\/p>\n","protected":false},"author":7,"featured_media":132879,"comment_status":"open","ping_status":"open","sticky":false,"template":"","format":"standard","meta":{"footnotes":""},"categories":[5,10],"tags":[],"class_list":["post-132878","post","type-post","status-publish","format-standard","has-post-thumbnail","hentry","category-actualidad","category-destacadas"],"_links":{"self":[{"href":"https:\/\/vinasfm.com\/noticias\/wp-json\/wp\/v2\/posts\/132878","targetHints":{"allow":["GET"]}}],"collection":[{"href":"https:\/\/vinasfm.com\/noticias\/wp-json\/wp\/v2\/posts"}],"about":[{"href":"https:\/\/vinasfm.com\/noticias\/wp-json\/wp\/v2\/types\/post"}],"author":[{"embeddable":true,"href":"https:\/\/vinasfm.com\/noticias\/wp-json\/wp\/v2\/users\/7"}],"replies":[{"embeddable":true,"href":"https:\/\/vinasfm.com\/noticias\/wp-json\/wp\/v2\/comments?post=132878"}],"version-history":[{"count":1,"href":"https:\/\/vinasfm.com\/noticias\/wp-json\/wp\/v2\/posts\/132878\/revisions"}],"predecessor-version":[{"id":132880,"href":"https:\/\/vinasfm.com\/noticias\/wp-json\/wp\/v2\/posts\/132878\/revisions\/132880"}],"wp:featuredmedia":[{"embeddable":true,"href":"https:\/\/vinasfm.com\/noticias\/wp-json\/wp\/v2\/media\/132879"}],"wp:attachment":[{"href":"https:\/\/vinasfm.com\/noticias\/wp-json\/wp\/v2\/media?parent=132878"}],"wp:term":[{"taxonomy":"category","embeddable":true,"href":"https:\/\/vinasfm.com\/noticias\/wp-json\/wp\/v2\/categories?post=132878"},{"taxonomy":"post_tag","embeddable":true,"href":"https:\/\/vinasfm.com\/noticias\/wp-json\/wp\/v2\/tags?post=132878"}],"curies":[{"name":"wp","href":"https:\/\/api.w.org\/{rel}","templated":true}]}}