{"id":132828,"date":"2024-02-28T08:15:01","date_gmt":"2024-02-28T11:15:01","guid":{"rendered":"https:\/\/vinasfm.com\/noticias\/?p=132828"},"modified":"2024-02-29T09:45:59","modified_gmt":"2024-02-29T12:45:59","slug":"el-municipio-explico-las-remodelaciones-en-el-informador-turistico","status":"publish","type":"post","link":"https:\/\/vinasfm.com\/noticias\/el-municipio-explico-las-remodelaciones-en-el-informador-turistico\/","title":{"rendered":"EL MUNICIPIO EXPLIC\u00d3 LAS REMODELACIONES EN EL INFORMADOR TUR\u00cdSTICO"},"content":{"rendered":"<p><strong>El Secretario de Gobierno Fabio G\u00f3mez Parra inform\u00f3 sobre la remodelaci\u00f3n que se est\u00e1 llevando a cabo en el KM0 de ciudad. La conocida obra del informador tur\u00edstico se clausur\u00f3 debido a problemas de seguridad estructural.<\/strong><\/p>\n<p>La empresa responsable empez\u00f3 a hacerse cargo de las reparaciones. La gesti\u00f3n anterior hizo una recepci\u00f3n con observaciones, la obra se revis\u00f3 a partir del 9 de febrero y la Universidad ayudar\u00e1 en la habilitaci\u00f3n.<\/p>\n<p>El Informador Tur\u00edstico que es el centro de festejos, reuniones de amigos, exposiciones de productores y feriantes, encuentros de familias y artistas locales, consta de 75 mts2 en la planta baja y 55 mts2 en la planta alta, con un mirador, una estructura de hormig\u00f3n armado y carpinter\u00eda met\u00e1lica, adem\u00e1s se encuentra todo adoquinado con luminarias led.<\/p>\n<p>Se comunic\u00f3 que no solo la obra del informador tendr\u00e1 arreglos, sino que tambi\u00e9n la parte de adoquines del Paseo de Artesanos recibir\u00e1 ajustes t\u00e9cnicos.<\/p>\n<p><a href=\"https:\/\/vinasfm.com\/noticias\/wp-content\/uploads\/2024\/02\/WhatsApp-Image-2024-02-28-at-08.08.44.jpeg\"><img loading=\"lazy\" decoding=\"async\" class=\"alignnone wp-image-132831\" src=\"https:\/\/vinasfm.com\/noticias\/wp-content\/uploads\/2024\/02\/WhatsApp-Image-2024-02-28-at-08.08.44-1024x577.jpeg\" alt=\"\" width=\"426\" height=\"240\" srcset=\"https:\/\/vinasfm.com\/noticias\/wp-content\/uploads\/2024\/02\/WhatsApp-Image-2024-02-28-at-08.08.44-1024x577.jpeg 1024w, https:\/\/vinasfm.com\/noticias\/wp-content\/uploads\/2024\/02\/WhatsApp-Image-2024-02-28-at-08.08.44-300x169.jpeg 300w, https:\/\/vinasfm.com\/noticias\/wp-content\/uploads\/2024\/02\/WhatsApp-Image-2024-02-28-at-08.08.44-768x432.jpeg 768w, https:\/\/vinasfm.com\/noticias\/wp-content\/uploads\/2024\/02\/WhatsApp-Image-2024-02-28-at-08.08.44-1536x865.jpeg 1536w, https:\/\/vinasfm.com\/noticias\/wp-content\/uploads\/2024\/02\/WhatsApp-Image-2024-02-28-at-08.08.44-750x420.jpeg 750w, https:\/\/vinasfm.com\/noticias\/wp-content\/uploads\/2024\/02\/WhatsApp-Image-2024-02-28-at-08.08.44-1140x641.jpeg 1140w, https:\/\/vinasfm.com\/noticias\/wp-content\/uploads\/2024\/02\/WhatsApp-Image-2024-02-28-at-08.08.44.jpeg 1600w\" sizes=\"auto, (max-width: 426px) 100vw, 426px\" \/><\/a> <a href=\"https:\/\/vinasfm.com\/noticias\/wp-content\/uploads\/2024\/02\/WhatsApp-Image-2024-02-28-at-08.11.53.jpeg\"><img loading=\"lazy\" decoding=\"async\" class=\"alignnone wp-image-132832\" src=\"https:\/\/vinasfm.com\/noticias\/wp-content\/uploads\/2024\/02\/WhatsApp-Image-2024-02-28-at-08.11.53-1024x577.jpeg\" alt=\"\" width=\"426\" height=\"240\" srcset=\"https:\/\/vinasfm.com\/noticias\/wp-content\/uploads\/2024\/02\/WhatsApp-Image-2024-02-28-at-08.11.53-1024x577.jpeg 1024w, https:\/\/vinasfm.com\/noticias\/wp-content\/uploads\/2024\/02\/WhatsApp-Image-2024-02-28-at-08.11.53-300x169.jpeg 300w, https:\/\/vinasfm.com\/noticias\/wp-content\/uploads\/2024\/02\/WhatsApp-Image-2024-02-28-at-08.11.53-768x432.jpeg 768w, https:\/\/vinasfm.com\/noticias\/wp-content\/uploads\/2024\/02\/WhatsApp-Image-2024-02-28-at-08.11.53-1536x865.jpeg 1536w, https:\/\/vinasfm.com\/noticias\/wp-content\/uploads\/2024\/02\/WhatsApp-Image-2024-02-28-at-08.11.53-750x420.jpeg 750w, https:\/\/vinasfm.com\/noticias\/wp-content\/uploads\/2024\/02\/WhatsApp-Image-2024-02-28-at-08.11.53-1140x641.jpeg 1140w, https:\/\/vinasfm.com\/noticias\/wp-content\/uploads\/2024\/02\/WhatsApp-Image-2024-02-28-at-08.11.53.jpeg 1600w\" sizes=\"auto, (max-width: 426px) 100vw, 426px\" \/><\/a><\/p>\n<h6>Obras en el Informador Turistico<\/h6>\n<p><em><strong>\u201cLa obra ten\u00eda defectos de construcci\u00f3n y de mamposter\u00eda que puntualmente eran un riesgo para la poblaci\u00f3n o para la gente que lo visitaba, esa situaci\u00f3n hizo que, junto con el informe de la municipalidad, de ingenieros privados y municipales, el acompa\u00f1amiento de una Universidad Nacional, se hiciera la clausura del lugar\u201d<\/strong><\/em>, record\u00f3 Parra.<\/p>\n<p>Inmediatamente, relat\u00f3; las acciones de la municipalidad fue mandar una carta de documento a la empresa responsable de la construcci\u00f3n MECAL,<strong><em> \u201cla situaci\u00f3n que pon\u00eda en riesgo a la poblaci\u00f3n eran voladura del cielorraso, desprendimiento de alg\u00fan cristal, tiene que cambiar todo el cableado, la parte el\u00e9ctrica no estaba bien, se llov\u00eda y sal\u00eda agua por los enchufes, encontraron que estaba mal la parte el\u00e9ctrica, no s\u00f3lo del informador tur\u00edstico sino tambi\u00e9n del paseo, el cable que va por debajo del adoquinado no es el adecuado, no tiene el aislamiento que tiene que tener, entonces tambi\u00e9n habr\u00e1n obras en el paseo\u201d.<\/em><\/strong><\/p>\n<p>Seguido afirm\u00f3 que van a ejecutar el seguro, porque se hab\u00eda tomado una recepci\u00f3n provisoria con observaciones, <strong><em>\u201cdespu\u00e9s la misma empresa hizo un relevamiento y encuentra otras cosas que nosotros no ve\u00edamos. Es una cuesti\u00f3n interna de la empresa y termina con la relaci\u00f3n contractual que ten\u00eda con el responsable de la empresa que era el se\u00f1or Fabi\u00e1n Palomeque y nos ponen como responsable a otro ingeniero\u201d.<\/em><\/strong><\/p>\n<p><a href=\"https:\/\/vinasfm.com\/noticias\/wp-content\/uploads\/2024\/02\/cdc7473e-fa9d-4957-828d-6156cee0e3b2.jpg\"><img loading=\"lazy\" decoding=\"async\" class=\"alignnone wp-image-132829\" src=\"https:\/\/vinasfm.com\/noticias\/wp-content\/uploads\/2024\/02\/cdc7473e-fa9d-4957-828d-6156cee0e3b2-1024x577.jpg\" alt=\"\" width=\"533\" height=\"300\" srcset=\"https:\/\/vinasfm.com\/noticias\/wp-content\/uploads\/2024\/02\/cdc7473e-fa9d-4957-828d-6156cee0e3b2-1024x577.jpg 1024w, https:\/\/vinasfm.com\/noticias\/wp-content\/uploads\/2024\/02\/cdc7473e-fa9d-4957-828d-6156cee0e3b2-300x169.jpg 300w, https:\/\/vinasfm.com\/noticias\/wp-content\/uploads\/2024\/02\/cdc7473e-fa9d-4957-828d-6156cee0e3b2-768x432.jpg 768w, https:\/\/vinasfm.com\/noticias\/wp-content\/uploads\/2024\/02\/cdc7473e-fa9d-4957-828d-6156cee0e3b2-1536x865.jpg 1536w, https:\/\/vinasfm.com\/noticias\/wp-content\/uploads\/2024\/02\/cdc7473e-fa9d-4957-828d-6156cee0e3b2-1140x641.jpg 1140w, https:\/\/vinasfm.com\/noticias\/wp-content\/uploads\/2024\/02\/cdc7473e-fa9d-4957-828d-6156cee0e3b2.jpg 1600w\" sizes=\"auto, (max-width: 533px) 100vw, 533px\" \/><\/a><\/p>\n<h6>Fabio G\u00f3mez Parra, Secretario de Gobierno<\/h6>\n<p><span style=\"color: #000000;\">G\u00f3mez Parra cont\u00f3 que desde la empresa est\u00e1n muy enojados por que no cumpl\u00edan con los objetivos que ten\u00eda el pliego y se pon\u00eda en riesgo la poblaci\u00f3n.<\/span><\/p>\n<p><span style=\"color: #000000;\">Recalc\u00f3 que la gesti\u00f3n anterior recibi\u00f3 la obra con observaciones y en base a eso es donde tambi\u00e9n es el disparador para hacer todas las investigaciones.<\/span><\/p>\n<p><span style=\"color: #000000;\"><strong><em>\u201cLa obra ya se hab\u00eda recibido con observaciones. Nosotros fuimos un poco m\u00e1s all\u00e1 para resguardar la seguridad de la poblaci\u00f3n. La empresa se puso a trabajar el 9 de febrero. Nosotros no los vamos a apurar con los tiempos, nosotros queremos que eso quede en condiciones para ser habilitado para que se pueda usar y que sea seguro para la poblaci\u00f3n\u201d<\/em><\/strong>, concluy\u00f3.<\/span><\/p>\n","protected":false},"excerpt":{"rendered":"<p>El Secretario de Gobierno Fabio G\u00f3mez Parra inform\u00f3 sobre la remodelaci\u00f3n que se est\u00e1 llevando a cabo en el KM0 de &#8230;<\/p>\n","protected":false},"author":7,"featured_media":132830,"comment_status":"open","ping_status":"open","sticky":false,"template":"","format":"standard","meta":{"footnotes":""},"categories":[5,78],"tags":[],"class_list":["post-132828","post","type-post","status-publish","format-standard","has-post-thumbnail","hentry","category-actualidad","category-municipalidad"],"_links":{"self":[{"href":"https:\/\/vinasfm.com\/noticias\/wp-json\/wp\/v2\/posts\/132828","targetHints":{"allow":["GET"]}}],"collection":[{"href":"https:\/\/vinasfm.com\/noticias\/wp-json\/wp\/v2\/posts"}],"about":[{"href":"https:\/\/vinasfm.com\/noticias\/wp-json\/wp\/v2\/types\/post"}],"author":[{"embeddable":true,"href":"https:\/\/vinasfm.com\/noticias\/wp-json\/wp\/v2\/users\/7"}],"replies":[{"embeddable":true,"href":"https:\/\/vinasfm.com\/noticias\/wp-json\/wp\/v2\/comments?post=132828"}],"version-history":[{"count":1,"href":"https:\/\/vinasfm.com\/noticias\/wp-json\/wp\/v2\/posts\/132828\/revisions"}],"predecessor-version":[{"id":132833,"href":"https:\/\/vinasfm.com\/noticias\/wp-json\/wp\/v2\/posts\/132828\/revisions\/132833"}],"wp:featuredmedia":[{"embeddable":true,"href":"https:\/\/vinasfm.com\/noticias\/wp-json\/wp\/v2\/media\/132830"}],"wp:attachment":[{"href":"https:\/\/vinasfm.com\/noticias\/wp-json\/wp\/v2\/media?parent=132828"}],"wp:term":[{"taxonomy":"category","embeddable":true,"href":"https:\/\/vinasfm.com\/noticias\/wp-json\/wp\/v2\/categories?post=132828"},{"taxonomy":"post_tag","embeddable":true,"href":"https:\/\/vinasfm.com\/noticias\/wp-json\/wp\/v2\/tags?post=132828"}],"curies":[{"name":"wp","href":"https:\/\/api.w.org\/{rel}","templated":true}]}}